{"id":1911,"date":"2016-09-20T12:59:06","date_gmt":"2016-09-20T11:59:06","guid":{"rendered":"http:\/\/studioreb.fr\/lde\/?p=1911"},"modified":"2016-10-12T09:25:29","modified_gmt":"2016-10-12T08:25:29","slug":"philippe-barres","status":"publish","type":"post","link":"http:\/\/lalorrainedesecrivains.univ-lorraine.fr\/en\/philippe-barres\/","title":{"rendered":"Philippe Barr\u00e8s"},"content":{"rendered":"<p>N\u00e9 \u00e0 Neuilly-sur-Sc\u00e8ne le 8 juillet 1896, mort \u00e0 Pertuis le 14 avril 1975.<\/p>\n<p>Philippe Barr\u00e8s est un journaliste et homme politique fran\u00e7ais, auteur d\u2019essais, romans et biographies. Il est le fils de Maurice Barr\u00e8s.<\/p>\n<p>A 18 ans, il s\u2019engage dans l\u2019arm\u00e9e pour prendre part \u00e0 la Premi\u00e8re Guerre Mondiale et au terme de laquelle lui est sont remis la Croix de Guerre et la L\u00e9gion d\u2019honneur pour ses actes de bravoure.<\/p>\n<p>Au cours des ann\u00e9es 1920, il r\u00e9dige des articles pour le journal fasciste\u00a0<em>Le Nouveau Si\u00e8cle<\/em>. Fin 1930, il devient r\u00e9dacteur en chef pour\u00a0<em>Paris-Soir<\/em>. Marqu\u00e9 par les \u00e9v\u00e9nements du d\u00e9but du si\u00e8cle, il publie un premier ouvrage en 1924,\u00a0<em>La Guerre \u00e0 20 ans<\/em>, portant sur ses souvenirs de guerre. Dans les textes suivants, publi\u00e9s au cours des ann\u00e9es 1930, il pose un regard sur la politique en cours et montre son hostilit\u00e9 au r\u00e9gime national-socialiste. Philippe Barr\u00e8s et \u00e9galement l\u2019auteur d\u2019un roman,\u00a0<em>Ainsi que l\u2019Albatros<\/em>, publi\u00e9 en 1931,<\/p>\n<p>Exil\u00e9 aux Etats-Unis en 1941, il r\u00e9alise la premi\u00e8re biographie du G\u00e9n\u00e9ral de Gaulle.<\/p>\n<p>A son retour en France en 1944, il lance le journal Paris-Presse avec Eve Curie.<\/p>\n<p>Il devient d\u00e9put\u00e9 de Meurthe-et-Moselle de 1951 \u00e0 1957 puis conseiller g\u00e9n\u00e9ral de la Seine de 1959 \u00e0 1965.<\/p>\n<p>&nbsp;<\/p>\n<h2><strong>Bibliographie s\u00e9lective<\/strong><\/h2>\n<h3><strong>Romans et essais<\/strong><\/h3>\n<p><em>La Guerre \u00e0 20 ans<\/em> (1924)<\/p>\n<p><em>Ainsi que l\u2019Albatros<\/em> (1931)<\/p>\n<p><em>La Victoire au dernier tournant<\/em> (1931)<\/p>\n<p><em>Sous la vague hitl\u00e9rienne<\/em> (1934)<\/p>\n<p><em>Si on l\u2019avait \u00e9cout\u00e9\u2026<\/em> (1940)<\/p>\n<p><em>Sauvons nos prisonniers<\/em> (1942)<\/p>\n<h3><strong>Biographie<\/strong><\/h3>\n<p><em>Charles de Gaulle<\/em> (1941)<\/p>\n<p>&nbsp;<\/p>\n<h2>Citation<\/h2>\n<p><em>\u00ab\u00a0Un matin, vers cinq heures, quand l\u2019atmosph\u00e8re des salles de baccara bleuit de poussi\u00e8re et de fum\u00e9e, quand les tentures apparaissent fan\u00e9es et les visages fendus, il entendit deux croupiers qui parlaient en rangeant leur caisse.<\/em><\/p>\n<ul>\n<li><em>Nadjane perd, ce soir\u00a0?<\/em><\/li>\n<li><em>Deux ou trois millions.<\/em><\/li>\n<\/ul>\n<p><em>Avant qu\u2019il ne surpr\u00eet ces mots, son intention \u00e9tait de prendre, au bar, un verre d\u2019orangeade, et faute de trouver un point d\u2019application meilleur \u00e0 son \u00e9nergie, il l\u2019employa \u00e0 ne point abandonner ce petit projet. Une heure passa tandis qu\u2019enfonc\u00e9 dans un fauteuil profond, il buvait lentement ce fruit qui lui apportait au milieu de cet enfer, la fra\u00eecheur de la nature. Quand Nadjane vint le rejoindre, c\u2019est \u00e0 peine s\u2019il remarqua un l\u00e9ger cerne autour des beaux yeux volontaires, \u00e0 peine une douceur plus unie dans ces simples mots qu\u2019elle dit en prenant son bras\u00a0:<\/em><\/p>\n<ul>\n<li><em>Allons faire un tour pr\u00e8s de la mer.<\/em><\/li>\n<\/ul>\n<p><em>Sur les planches, le grand vent, ils rest\u00e8rent muets. A quoi bon parler\u00a0? N\u2019ont-ils pas en commun le sentiment de la duret\u00e9, aussi de la belle intensit\u00e9 de la vie\u00a0?\u00a0\u00bb<\/em><\/p>\n<p>Source : Ainsi que l&#8217;Albatros, Paris, 1931.<\/p>\n","protected":false},"excerpt":{"rendered":"<p>N\u00e9 \u00e0 Neuilly-sur-Sc\u00e8ne le 8 juillet 1896, mort \u00e0 Pertuis le 14 avril 1975. Philippe Barr\u00e8s est un journaliste et homme politique fran\u00e7ais, auteur d\u2019essais, romans et<\/p>\n<p> <a class=\"more-link\" href=\"http:\/\/lalorrainedesecrivains.univ-lorraine.fr\/en\/philippe-barres\/\">Lire la suite<\/a><\/p>\n","protected":false},"author":3,"featured_media":0,"comment_status":"open","ping_status":"open","sticky":false,"template":"","format":"standard","meta":{"footnotes":""},"categories":[42],"tags":[],"class_list":["post-1911","post","type-post","status-publish","format-standard","hentry","category-ecrivains"],"_links":{"self":[{"href":"http:\/\/lalorrainedesecrivains.univ-lorraine.fr\/en\/wp-json\/wp\/v2\/posts\/1911","targetHints":{"allow":["GET"]}}],"collection":[{"href":"http:\/\/lalorrainedesecrivains.univ-lorraine.fr\/en\/wp-json\/wp\/v2\/posts"}],"about":[{"href":"http:\/\/lalorrainedesecrivains.univ-lorraine.fr\/en\/wp-json\/wp\/v2\/types\/post"}],"author":[{"embeddable":true,"href":"http:\/\/lalorrainedesecrivains.univ-lorraine.fr\/en\/wp-json\/wp\/v2\/users\/3"}],"replies":[{"embeddable":true,"href":"http:\/\/lalorrainedesecrivains.univ-lorraine.fr\/en\/wp-json\/wp\/v2\/comments?post=1911"}],"version-history":[{"count":4,"href":"http:\/\/lalorrainedesecrivains.univ-lorraine.fr\/en\/wp-json\/wp\/v2\/posts\/1911\/revisions"}],"predecessor-version":[{"id":3532,"href":"http:\/\/lalorrainedesecrivains.univ-lorraine.fr\/en\/wp-json\/wp\/v2\/posts\/1911\/revisions\/3532"}],"wp:attachment":[{"href":"http:\/\/lalorrainedesecrivains.univ-lorraine.fr\/en\/wp-json\/wp\/v2\/media?parent=1911"}],"wp:term":[{"taxonomy":"category","embeddable":true,"href":"http:\/\/lalorrainedesecrivains.univ-lorraine.fr\/en\/wp-json\/wp\/v2\/categories?post=1911"},{"taxonomy":"post_tag","embeddable":true,"href":"http:\/\/lalorrainedesecrivains.univ-lorraine.fr\/en\/wp-json\/wp\/v2\/tags?post=1911"}],"curies":[{"name":"wp","href":"https:\/\/api.w.org\/{rel}","templated":true}]}}