{"id":1943,"date":"2016-09-20T13:05:56","date_gmt":"2016-09-20T12:05:56","guid":{"rendered":"http:\/\/studioreb.fr\/lde\/?p=1943"},"modified":"2016-10-12T09:19:34","modified_gmt":"2016-10-12T08:19:34","slug":"marcel-bisiaux","status":"publish","type":"post","link":"http:\/\/lalorrainedesecrivains.univ-lorraine.fr\/en\/marcel-bisiaux\/","title":{"rendered":"Marcel Bisiaux"},"content":{"rendered":"<p>N\u00e9 le 13 mai 1922 \u00e0 Lun\u00e9ville, mort le 28 mai 1990.<\/p>\n<p>Marcel Bisiaux est \u00e9crivain, journaliste et homme de revue.<\/p>\n<p>En 1947, il fonde la revue litt\u00e9raire\u00a0<em>84<\/em>, qu\u2019il dirige jusqu\u2019\u00e0 sa fermeture en 1951 et dans laquelle collaborent notamment Alfred Kern, Andr\u00e9 Dh\u00f4tel, Henri Thomas et Georges Lambrichs.<\/p>\n<p>Il publie son premier roman,\u00a0<em>Les Pas cont\u00e9s<\/em>, en 1948.<\/p>\n<p>En parall\u00e8le \u00e0 son activit\u00e9 d\u2019auteur, il a \u00e9galement \u00e9t\u00e9 journaliste litt\u00e9raire, directeur de la r\u00e9daction de\u00a0<em>Pilote<\/em>, et directeur litt\u00e9raire des \u00c9ditions Horay.<\/p>\n<h2><strong>Bibliographie s\u00e9lective<\/strong><\/h2>\n<p><em>Les Pas cont\u00e9s<\/em> (1948)<\/p>\n<p><em>Jeanne<\/em> (1951)<\/p>\n<p><em>Les Petites Choses<\/em> (1954)<\/p>\n<p><em>Les Fianc\u00e9s<\/em> (1964)<\/p>\n<p><em>M\u00e9contes<\/em> (1985)<\/p>\n<p><em>Petit No\u00e9<\/em> (1987)<\/p>\n<p><em>Sang d\u2019encre<\/em> (1988)<\/p>\n","protected":false},"excerpt":{"rendered":"<p>N\u00e9 le 13 mai 1922 \u00e0 Lun\u00e9ville, mort le 28 mai 1990. Marcel Bisiaux est \u00e9crivain, journaliste et homme de revue. En 1947, il fonde la revue<\/p>\n<p> <a class=\"more-link\" href=\"http:\/\/lalorrainedesecrivains.univ-lorraine.fr\/en\/marcel-bisiaux\/\">Lire la suite<\/a><\/p>\n","protected":false},"author":3,"featured_media":0,"comment_status":"open","ping_status":"open","sticky":false,"template":"","format":"standard","meta":{"footnotes":""},"categories":[42],"tags":[],"class_list":["post-1943","post","type-post","status-publish","format-standard","hentry","category-ecrivains"],"_links":{"self":[{"href":"http:\/\/lalorrainedesecrivains.univ-lorraine.fr\/en\/wp-json\/wp\/v2\/posts\/1943","targetHints":{"allow":["GET"]}}],"collection":[{"href":"http:\/\/lalorrainedesecrivains.univ-lorraine.fr\/en\/wp-json\/wp\/v2\/posts"}],"about":[{"href":"http:\/\/lalorrainedesecrivains.univ-lorraine.fr\/en\/wp-json\/wp\/v2\/types\/post"}],"author":[{"embeddable":true,"href":"http:\/\/lalorrainedesecrivains.univ-lorraine.fr\/en\/wp-json\/wp\/v2\/users\/3"}],"replies":[{"embeddable":true,"href":"http:\/\/lalorrainedesecrivains.univ-lorraine.fr\/en\/wp-json\/wp\/v2\/comments?post=1943"}],"version-history":[{"count":4,"href":"http:\/\/lalorrainedesecrivains.univ-lorraine.fr\/en\/wp-json\/wp\/v2\/posts\/1943\/revisions"}],"predecessor-version":[{"id":3515,"href":"http:\/\/lalorrainedesecrivains.univ-lorraine.fr\/en\/wp-json\/wp\/v2\/posts\/1943\/revisions\/3515"}],"wp:attachment":[{"href":"http:\/\/lalorrainedesecrivains.univ-lorraine.fr\/en\/wp-json\/wp\/v2\/media?parent=1943"}],"wp:term":[{"taxonomy":"category","embeddable":true,"href":"http:\/\/lalorrainedesecrivains.univ-lorraine.fr\/en\/wp-json\/wp\/v2\/categories?post=1943"},{"taxonomy":"post_tag","embeddable":true,"href":"http:\/\/lalorrainedesecrivains.univ-lorraine.fr\/en\/wp-json\/wp\/v2\/tags?post=1943"}],"curies":[{"name":"wp","href":"https:\/\/api.w.org\/{rel}","templated":true}]}}