{"id":1987,"date":"2016-09-20T13:14:44","date_gmt":"2016-09-20T12:14:44","guid":{"rendered":"http:\/\/studioreb.fr\/lde\/?p=1987"},"modified":"2016-10-12T09:11:03","modified_gmt":"2016-10-12T08:11:03","slug":"emile-erckmann","status":"publish","type":"post","link":"http:\/\/lalorrainedesecrivains.univ-lorraine.fr\/en\/emile-erckmann\/","title":{"rendered":"\u00c9mile Erckmann"},"content":{"rendered":"<p>N\u00e9 le 20 mai 1822 \u00e0 Phalsbourg, mort le 14 mars 1899 \u00e0 Lun\u00e9ville.<\/p>\n<p>Apr\u00e8s avoir obtenu son baccalaur\u00e9at en 1841 \u00e0 Nancy, Emile Erckmann d\u00e9cide de poursuivre des \u00e9tudes de droit \u00e0 Paris. Cependant il ne termine pas sa scolarit\u00e9 et rentre \u00e0 Phalsbourg en raison de probl\u00e8mes de sant\u00e9. Il rencontre Alexandre Chatrian au coll\u00e8ge de Phalsbourg et\u00a0d\u00e9couvrent\u00a0qu\u2019ils partagent une passion commune pour l\u2019\u00e9criture.<\/p>\n<p>En 1850, Erckmann cr\u00e9e un journal \u00e0 Strasbourg mais ce dernier ne durera pas longtemps. Emile Erckmann et Alexandre Chatrian se lancent ensemble dans l\u2019\u00e9criture en pensant pouvoir en vivre rapidement mais ce ne sera pas le cas. D\u00e9\u00e7u, Erckmann d\u00e9cide de reprendre ses \u00e9tudes de droit, sans toutefois abandonner l\u2019id\u00e9e d\u2019\u00e9crire avec son ami. Leur acharnement finit par payer et ils commencent \u00e0 se faire conna\u00eetre\u00a0\u00e0 la fin des ann\u00e9es 1850 en publiant r\u00e9guli\u00e8rement des nouvelles fantastiques.<\/p>\n<p>En 1872, Erckmann emm\u00e9nage \u00e0 Saint-Di\u00e9 et \u00e9crit davantage de romans alors que son ami s\u2019int\u00e9resse plut\u00f4t au th\u00e9\u00e2tre. Il s\u2019installe \u00e0 Lun\u00e9ville en 1889 et y r\u00e9sidera jusqu\u2019\u00e0 sa mort.<\/p>\n<p>&nbsp;<\/p>\n<h2><strong>Bibliographie s\u00e9lective<\/strong><\/h2>\n<h3><strong>Romans<\/strong><\/h3>\n<p><em>Ma\u00eetre Daniel Rock<\/em> (1861)<\/p>\n<p><em>L\u2019Ami Fritz<\/em> (1864)<\/p>\n<p><em>Madame Th\u00e9r\u00e8se<\/em> (1865)<\/p>\n<p><em>L\u2019invasion ou le fou Y\u00e9gof<\/em> (1866)<\/p>\n<p><em>Histoire d\u2019un paysan, tome 1<\/em> (1868)<\/p>\n<p><em>L\u2019invasion<\/em> (1879)<\/p>\n<p><em>Histoire d\u2019un conscrit de 1813<\/em> (1883)<\/p>\n<p><em>Histoire d\u2019un paysan 1789-1815<\/em> (1886)<\/p>\n<p><em>Confidences d\u2019un joueur de clarinette<\/em> (1930)<\/p>\n<h3>Contes<\/h3>\n<p><em>Contes fantastiques<\/em> (1860)<\/p>\n<p><em>Contes des bords du Rhin<\/em> (1878)<\/p>\n<p>&nbsp;<\/p>\n<h2>Citation<\/h2>\n<p>\u00ab<em>\u00a0Hier, 20 mai 1890, \u00e9tant lev\u00e9 de grand matin, ma petite fen\u00eatre ouverte au soleil du printemps, j\u2019\u00e9coutais les premiers chants du merle dans le bosquet de Lun\u00e9ville, le bruissement des feuilles dans mon berger et le caquetage des poules dans la basse-cour du voisin. Ces bruits familiers de la maison me portaient \u00e0 la r\u00eaverie, et, tout \u00e0 coup, je me revis jeune homme dans l\u2019arri\u00e8re-boutique de notre \u00e9picerie, en face de la vieille halle \u00e0 Phalsbourg.<\/em><\/p>\n<p><em>Je sentis l\u2019odeur du poivre, du gingembre, de la cannelle, comme au bon temps de la jeunesse.<\/em><\/p>\n<p><em>Mon p\u00e8re, alors \u00e2g\u00e9 de soixante ans, le front large, le nez aquilin, les yeux bruns et vifs, la t\u00eate grisonnante, ouvrait le magasin au petit jour, jetait un coup d\u2019\u0153il sur la place du March\u00e9 encore d\u00e9serte, prenait brusquement une prise de tabac, puis rentrait s\u2019asseoir au bureau pour copier le brouillard au grand-livre.<\/em>\u00a0\u00bb<\/p>\n<p>Source : Alsaciens et Vosgiens d&#8217;autresfois, Paris, 1895.<\/p>\n","protected":false},"excerpt":{"rendered":"<p>N\u00e9 le 20 mai 1822 \u00e0 Phalsbourg, mort le 14 mars 1899 \u00e0 Lun\u00e9ville. Apr\u00e8s avoir obtenu son baccalaur\u00e9at en 1841 \u00e0 Nancy, Emile Erckmann d\u00e9cide de<\/p>\n<p> <a class=\"more-link\" href=\"http:\/\/lalorrainedesecrivains.univ-lorraine.fr\/en\/emile-erckmann\/\">Lire la suite<\/a><\/p>\n","protected":false},"author":3,"featured_media":0,"comment_status":"open","ping_status":"open","sticky":false,"template":"","format":"standard","meta":{"footnotes":""},"categories":[1],"tags":[],"class_list":["post-1987","post","type-post","status-publish","format-standard","hentry","category-non-classe"],"_links":{"self":[{"href":"http:\/\/lalorrainedesecrivains.univ-lorraine.fr\/en\/wp-json\/wp\/v2\/posts\/1987","targetHints":{"allow":["GET"]}}],"collection":[{"href":"http:\/\/lalorrainedesecrivains.univ-lorraine.fr\/en\/wp-json\/wp\/v2\/posts"}],"about":[{"href":"http:\/\/lalorrainedesecrivains.univ-lorraine.fr\/en\/wp-json\/wp\/v2\/types\/post"}],"author":[{"embeddable":true,"href":"http:\/\/lalorrainedesecrivains.univ-lorraine.fr\/en\/wp-json\/wp\/v2\/users\/3"}],"replies":[{"embeddable":true,"href":"http:\/\/lalorrainedesecrivains.univ-lorraine.fr\/en\/wp-json\/wp\/v2\/comments?post=1987"}],"version-history":[{"count":4,"href":"http:\/\/lalorrainedesecrivains.univ-lorraine.fr\/en\/wp-json\/wp\/v2\/posts\/1987\/revisions"}],"predecessor-version":[{"id":3490,"href":"http:\/\/lalorrainedesecrivains.univ-lorraine.fr\/en\/wp-json\/wp\/v2\/posts\/1987\/revisions\/3490"}],"wp:attachment":[{"href":"http:\/\/lalorrainedesecrivains.univ-lorraine.fr\/en\/wp-json\/wp\/v2\/media?parent=1987"}],"wp:term":[{"taxonomy":"category","embeddable":true,"href":"http:\/\/lalorrainedesecrivains.univ-lorraine.fr\/en\/wp-json\/wp\/v2\/categories?post=1987"},{"taxonomy":"post_tag","embeddable":true,"href":"http:\/\/lalorrainedesecrivains.univ-lorraine.fr\/en\/wp-json\/wp\/v2\/tags?post=1987"}],"curies":[{"name":"wp","href":"https:\/\/api.w.org\/{rel}","templated":true}]}}