{"id":2013,"date":"2016-09-20T13:19:13","date_gmt":"2016-09-20T12:19:13","guid":{"rendered":"http:\/\/studioreb.fr\/lde\/?p=2013"},"modified":"2016-10-11T19:45:45","modified_gmt":"2016-10-11T18:45:45","slug":"thierry-hesse","status":"publish","type":"post","link":"http:\/\/lalorrainedesecrivains.univ-lorraine.fr\/en\/thierry-hesse\/","title":{"rendered":"Thierry Hesse"},"content":{"rendered":"<p>N\u00e9 le 22 ao\u00fbt 1959 \u00e0 Metz.<\/p>\n<p>Apr\u00e8s des \u00e9tudes de lettres, de droit et de philosophie, il devient enseignant en philosophie au lyc\u00e9e de la Communication en 1992 et occupe toujours ce poste aujourd\u2019hui. Il est l\u2019un des fondateurs de la Revue l\u2019Animal qu\u2019il dirige entre 1996 et 2001.<\/p>\n<p>Son premier roman,\u00a0<em>Le Cimeti\u00e8re am\u00e9ricain<\/em>, publi\u00e9 en 2003, obtient le prix du Gaillon la m\u00eame ann\u00e9e ainsi que le prix Robert Walser en 2004.<\/p>\n<p>Son dernier roman,\u00a0<em>L\u2019Inconscience<\/em>, est publi\u00e9 en 2012.<\/p>\n<p>&nbsp;<\/p>\n<h2><strong>Bibliographie<\/strong><\/h2>\n<h3>Romans<\/h3>\n<p><em>Le Cimeti\u00e8re am\u00e9ricain<\/em> (2003)<\/p>\n<p><em>Jura<\/em> (2005)<\/p>\n<p><em>D\u00e9mon<\/em> (2009)<\/p>\n<p><em>L\u2019Inconscience<\/em> (2012)<\/p>\n<p>&nbsp;<\/p>\n<h2>Citation<\/h2>\n<p>\u00ab\u00a0<em>A cette \u00e9poque, elle s\u2019appelait Heintz, Esther Heintz. Ses parents, natifs d\u2019un village du Bas-Rhin qui, faute de vignes, avait peu prosp\u00e9r\u00e9, \u00e9taient venus s\u2019installer \u00e0 Metz dans l\u2019entre-deux-guerres. Ce n\u2019\u00e9tait pas pour changer de r\u00e9gion, encore moins de religion ou de\u00a0 m\u0153urs, mais pour y chercher du travail. Si Metz en ces temps-l\u00e0 m\u00e9ritait sa r\u00e9putation de ville kaki (offrant \u00e0 des g\u00e9n\u00e9rations de fran\u00e7ais un an de sains divertissements\u00a0: corv\u00e9e de soupe et de latrines, exercices de tir en for\u00eat, d\u00e9capage de chambr\u00e9e \u00e0 la paille de fer), elle \u00e9tait aussi un foyer actif du commerce, et c\u2019est dans le commerce que les grands-parents Heintz, rompant avec une lign\u00e9e de producteurs d\u2019asperges et de modestes \u00e9leveurs de porcs, avaient tent\u00e9 de s\u2019enrichir.\u00a0<\/em>\u00bb<\/p>\n<p>Source : L&#8217;Inconscience, Paris, 2012.<\/p>\n","protected":false},"excerpt":{"rendered":"<p>N\u00e9 le 22 ao\u00fbt 1959 \u00e0 Metz. Apr\u00e8s des \u00e9tudes de lettres, de droit et de philosophie, il devient enseignant en philosophie au lyc\u00e9e de la Communication<\/p>\n<p> <a class=\"more-link\" href=\"http:\/\/lalorrainedesecrivains.univ-lorraine.fr\/en\/thierry-hesse\/\">Lire la suite<\/a><\/p>\n","protected":false},"author":3,"featured_media":0,"comment_status":"open","ping_status":"open","sticky":false,"template":"","format":"standard","meta":{"footnotes":""},"categories":[1],"tags":[],"class_list":["post-2013","post","type-post","status-publish","format-standard","hentry","category-non-classe"],"_links":{"self":[{"href":"http:\/\/lalorrainedesecrivains.univ-lorraine.fr\/en\/wp-json\/wp\/v2\/posts\/2013","targetHints":{"allow":["GET"]}}],"collection":[{"href":"http:\/\/lalorrainedesecrivains.univ-lorraine.fr\/en\/wp-json\/wp\/v2\/posts"}],"about":[{"href":"http:\/\/lalorrainedesecrivains.univ-lorraine.fr\/en\/wp-json\/wp\/v2\/types\/post"}],"author":[{"embeddable":true,"href":"http:\/\/lalorrainedesecrivains.univ-lorraine.fr\/en\/wp-json\/wp\/v2\/users\/3"}],"replies":[{"embeddable":true,"href":"http:\/\/lalorrainedesecrivains.univ-lorraine.fr\/en\/wp-json\/wp\/v2\/comments?post=2013"}],"version-history":[{"count":4,"href":"http:\/\/lalorrainedesecrivains.univ-lorraine.fr\/en\/wp-json\/wp\/v2\/posts\/2013\/revisions"}],"predecessor-version":[{"id":3472,"href":"http:\/\/lalorrainedesecrivains.univ-lorraine.fr\/en\/wp-json\/wp\/v2\/posts\/2013\/revisions\/3472"}],"wp:attachment":[{"href":"http:\/\/lalorrainedesecrivains.univ-lorraine.fr\/en\/wp-json\/wp\/v2\/media?parent=2013"}],"wp:term":[{"taxonomy":"category","embeddable":true,"href":"http:\/\/lalorrainedesecrivains.univ-lorraine.fr\/en\/wp-json\/wp\/v2\/categories?post=2013"},{"taxonomy":"post_tag","embeddable":true,"href":"http:\/\/lalorrainedesecrivains.univ-lorraine.fr\/en\/wp-json\/wp\/v2\/tags?post=2013"}],"curies":[{"name":"wp","href":"https:\/\/api.w.org\/{rel}","templated":true}]}}