{"id":2041,"date":"2016-09-20T13:23:48","date_gmt":"2016-09-20T12:23:48","guid":{"rendered":"http:\/\/studioreb.fr\/lde\/?p=2041"},"modified":"2016-10-11T19:37:25","modified_gmt":"2016-10-11T18:37:25","slug":"maurice-martin-du-gard","status":"publish","type":"post","link":"http:\/\/lalorrainedesecrivains.univ-lorraine.fr\/en\/maurice-martin-du-gard\/","title":{"rendered":"Maurice Martin du Gard"},"content":{"rendered":"<p>Les parents de Maurice sont avou\u00e9s \u00e0 Nancy, ils habitent Place Carri\u00e8re. Maurice est cousin issu de germains de Roger Martin du Gard dont il est le cadet de 12 ans.<\/p>\n<p>Parolier de Pietro Cimara pour Dolori Sacrum, il adresse \u00e0 son cousin des essais de po\u00e9sie \u00e0 la fin de la 1<sup>\u00e8re<\/sup> Guerre mondiale et entre ainsi en contact avec lui. L\u2019ambition litt\u00e9raire de Maurice incite Roger \u00e0 souhaiter un pseudonyme pour son cousin cadet, mais les recherches s\u2019av\u00e8rent sans succ\u00e8s.<\/p>\n<p>Maurice Martin du Gard devient directeur de <em>Les \u00e9crits nouveaux<\/em> de juin 1921 \u00e0 juillet 1922.<\/p>\n<p>Puis il fonde les <em>Nouvelles litt\u00e9raires, <\/em><em>artistiques et scientifiques<\/em> en 1923. Cette revue qu\u2019il dirige jusqu\u2019en 1936 d\u00e9montre la vaste curiosit\u00e9 et l\u2019importante activit\u00e9 de Maurice Martin du Gard. Il s\u2019agit d\u2019un journal \u00e9clectique sans grands affrontements, qui se voulait clairement ind\u00e9pendant de tout engagement politique ou esth\u00e9tique pr\u00e9cis\u00a0; ainsi un large \u00e9ventail de contributeurs garantissait l\u2019esprit d\u2019ouverture. <em>Les Nouvelles litt\u00e9raires<\/em> accueillent des po\u00e8mes, des nouvelles, des textes en prose, des textes de critique litt\u00e9raire\u00a0; le programme initial consistait \u00e0 \u00ab\u00a0provoquer chez tous la plus saine curiosit\u00e9 de ce domaine spirituel que l\u2019honn\u00eate homme ne doit jamais se lasser d\u2019explorer et d\u2019\u00e9tendre.\u00a0\u00bb Apr\u00e8s avoir \u00e9t\u00e9 \u00e9cart\u00e9 de la direction de la revue en 1936, il y reste chroniqueur dramatique r\u00e9gulier.<\/p>\n<p>Ses articles et interviews de nombreuses personnalit\u00e9s litt\u00e9raires enrichissent <em>Les M\u00e9morables<\/em> (1918-1945) parus en 1957 et repris en 1999 par la NRF. <em>Les M\u00e9morables<\/em> fournissent des renseignements tr\u00e8s nombreux sur la vie litt\u00e9raire de l\u2019entre-deux guerres\u00a0: recueil de souvenirs et de portraits sur les nombreux \u00e9crivains qu\u2019il a rencontr\u00e9s ou c\u00f4toy\u00e9s, parmi lesquels Barr\u00e8s, Proust, Jammes, Giraudoux, Mauriac, Drieu la Rochelle, Claudel, Larbaud, L\u00e9autaud, Anna de Noailles, Cocteau\u2026 C\u2019est un monument inachev\u00e9 reconnu par la critique comme un livre d\u2019auteur en 1957.<\/p>\n<p>Pendant la guerre, il est correspondant de <em>La D\u00e9p\u00eache de Toulouse<\/em> \u00e0 Vichy, et fr\u00e9quente donc le petit milieu p\u00e9tainiste qui lui inspire <em>La Chronique de Vichy<\/em>, ouvrage mal re\u00e7u par la critique \u00e0 sa publication en 1948. MMG \u00e9tait attach\u00e9 \u00e0 P\u00e9tain mais sans aveuglement, ambitieux, avec un r\u00eave de responsabilit\u00e9s dans le domaine des colonies.<\/p>\n<p>&nbsp;<\/p>\n<h2><strong>Bibliographie s\u00e9lective<\/strong><\/h2>\n<p><em>Signes des temps<\/em> (1922)<\/p>\n<p><em>Impertinences<\/em> (1924)<\/p>\n<p><em>Feux tournants<\/em> (1925)<\/p>\n<p><em>Jules Tellier<\/em> (1925)<\/p>\n<p><em>De Sainte-Beuve \u00e0 F\u00e9nelon<\/em> (1927)<\/p>\n<p><em>V\u00e9rit\u00e9s du moment<\/em> (1928)<\/p>\n<p><em>Premi\u00e8res visites \u00e0 l\u2019Europe<\/em> (1928)<\/p>\n<p><em>Carte rouge<\/em> (1930)<\/p>\n<p><em>Le Retour de Prague<\/em> (1930)<\/p>\n<p><em>Moralit\u00e9s lib\u00e9rales<\/em> (1932)<\/p>\n<p><em>Terres divines<\/em> (1933)<\/p>\n<p><em>Un Fran\u00e7ais en Europe<\/em> (1935)<\/p>\n<p><em>Caract\u00e8res et confidences<\/em> (1936)<\/p>\n<p><em>L\u2019Appel du Cameroun<\/em> (1939)<\/p>\n<p><em>Le drame de l&#8217;Afrique fran\u00e7aise<\/em> (1941)<\/p>\n<p><em>Les M\u00e9morables 1<\/em> (1957)<\/p>\n<p><em>Les M\u00e9morables 2<\/em> (1960)<\/p>\n<p><em>Les M\u00e9morables 3<\/em> (1978)<\/p>\n<p>&nbsp;<\/p>\n<h2>Parolier<\/h2>\n<p><em>Pietro Cimara, Dolori Sacrum<\/em>\u00a0 (1916)<\/p>\n<p>&nbsp;<\/p>\n<h2>Pr\u00e9facier<\/h2>\n<p><em>Jean Cocteau. Les enfants terribles<\/em> (1925)<\/p>\n<p><em>Maurice Fleurial. Le Charme de l&#8217;Ile rouge<\/em> (1938)<\/p>\n<p><em>El\u00e9ni Samios. La Sainte vie de Mahatma Gandhi<\/em> (1934)<\/p>\n","protected":false},"excerpt":{"rendered":"<p>Les parents de Maurice sont avou\u00e9s \u00e0 Nancy, ils habitent Place Carri\u00e8re. Maurice est cousin issu de germains de Roger Martin du Gard dont il est le<\/p>\n<p> <a class=\"more-link\" href=\"http:\/\/lalorrainedesecrivains.univ-lorraine.fr\/en\/maurice-martin-du-gard\/\">Lire la suite<\/a><\/p>\n","protected":false},"author":3,"featured_media":0,"comment_status":"open","ping_status":"open","sticky":false,"template":"","format":"standard","meta":{"footnotes":""},"categories":[1],"tags":[],"class_list":["post-2041","post","type-post","status-publish","format-standard","hentry","category-non-classe"],"_links":{"self":[{"href":"http:\/\/lalorrainedesecrivains.univ-lorraine.fr\/en\/wp-json\/wp\/v2\/posts\/2041","targetHints":{"allow":["GET"]}}],"collection":[{"href":"http:\/\/lalorrainedesecrivains.univ-lorraine.fr\/en\/wp-json\/wp\/v2\/posts"}],"about":[{"href":"http:\/\/lalorrainedesecrivains.univ-lorraine.fr\/en\/wp-json\/wp\/v2\/types\/post"}],"author":[{"embeddable":true,"href":"http:\/\/lalorrainedesecrivains.univ-lorraine.fr\/en\/wp-json\/wp\/v2\/users\/3"}],"replies":[{"embeddable":true,"href":"http:\/\/lalorrainedesecrivains.univ-lorraine.fr\/en\/wp-json\/wp\/v2\/comments?post=2041"}],"version-history":[{"count":4,"href":"http:\/\/lalorrainedesecrivains.univ-lorraine.fr\/en\/wp-json\/wp\/v2\/posts\/2041\/revisions"}],"predecessor-version":[{"id":3462,"href":"http:\/\/lalorrainedesecrivains.univ-lorraine.fr\/en\/wp-json\/wp\/v2\/posts\/2041\/revisions\/3462"}],"wp:attachment":[{"href":"http:\/\/lalorrainedesecrivains.univ-lorraine.fr\/en\/wp-json\/wp\/v2\/media?parent=2041"}],"wp:term":[{"taxonomy":"category","embeddable":true,"href":"http:\/\/lalorrainedesecrivains.univ-lorraine.fr\/en\/wp-json\/wp\/v2\/categories?post=2041"},{"taxonomy":"post_tag","embeddable":true,"href":"http:\/\/lalorrainedesecrivains.univ-lorraine.fr\/en\/wp-json\/wp\/v2\/tags?post=2041"}],"curies":[{"name":"wp","href":"https:\/\/api.w.org\/{rel}","templated":true}]}}