{"id":2049,"date":"2016-09-20T13:25:25","date_gmt":"2016-09-20T12:25:25","guid":{"rendered":"http:\/\/studioreb.fr\/lde\/?p=2049"},"modified":"2016-10-11T19:34:44","modified_gmt":"2016-10-11T18:34:44","slug":"georges-navel","status":"publish","type":"post","link":"http:\/\/lalorrainedesecrivains.univ-lorraine.fr\/en\/georges-navel\/","title":{"rendered":"Georges Navel"},"content":{"rendered":"<p>N\u00e9 le 30 octobre 1904 \u00e0 Pont-\u00e0-Mousson, mort le 1<sup>er<\/sup>\u00a0novembre 1993 \u00e0 Die.<\/p>\n<p>Charles Fran\u00e7ois Victor Navel, d\u2019origine paysanne, est le dernier d\u2019une famille de treize enfants. Au cours de la Premi\u00e8re Guerre Mondiale, son village et bombard\u00e9. Il est envoy\u00e9 quelques mois en Alg\u00e9rie avec ses fr\u00e8res et s\u0153urs avant de rejoindre ses parents \u00e0 Lyon.<\/p>\n<p>Au cours des ann\u00e9es 1920, il prend des cours du soir \u00e0 l\u2019Universit\u00e9 syndicale<\/p>\n<p>En 1936, Charles Fran\u00e7ois Victor Navel part pour l\u2019Espagne afin d\u2019appuyer la r\u00e9volution espagnole. Malade, il revient en France au cours de l\u2019ann\u00e9e 1937. Il r\u00e9alise alors diff\u00e9rents m\u00e9tiers\u00a0: man\u0153uvre, ajusteur, terrassier, apiculteur. Parall\u00e8lement, il commence \u00e0 \u00e9crire et proposer des articles dans la\u00a0<em>Nouvelle Revue Fran\u00e7aise, l\u2019Humanit\u00e9<\/em>\u00a0et\u00a0<em>Commune<\/em>.<\/p>\n<p>En 1945, il publie un premier roman autobiographique,\u00a0<em>Travaux<\/em>, pour lequel il obtient le prix Sainte-Beuve. S\u2019en suivront trois autres,\u00a0<em>Parcours<\/em>\u00a0en 1950,\u00a0<em>Chacun son royaume<\/em>\u00a0en 1960 et\u00a0<em>Passages<\/em>\u00a0en 1982.<\/p>\n<p>&nbsp;<\/p>\n<h2><strong>Bibliographie<\/strong><\/h2>\n<p><em>Travaux<\/em> (1945)<\/p>\n<p><em>Parcours<\/em> (1950)<\/p>\n<p><em>Chacun son royaume<\/em> (1960)<\/p>\n<p><em>Passages<\/em> (1982)<\/p>\n<p>&nbsp;<\/p>\n<h2>Citation<\/h2>\n<p><em>\u00ab\u00a0Comme beaucoup de villages lorrains, Maidi\u00e8res s\u2019\u00e9tire en longueur, entre des champs et des vergers. Notre enclos \u00e9tait proche du grand parc du ch\u00e2teau plant\u00e9 de tilleuls et de marronniers. Ces arbres attiraient tous les oiseaux du bois de Maidi\u00e8res.\u00a0\u00bb<\/em><\/p>\n<p>Source : Travaux, Paris, 1945.<\/p>\n","protected":false},"excerpt":{"rendered":"<p>N\u00e9 le 30 octobre 1904 \u00e0 Pont-\u00e0-Mousson, mort le 1er\u00a0novembre 1993 \u00e0 Die. Charles Fran\u00e7ois Victor Navel, d\u2019origine paysanne, est le dernier d\u2019une famille de treize enfants.<\/p>\n<p> <a class=\"more-link\" href=\"http:\/\/lalorrainedesecrivains.univ-lorraine.fr\/en\/georges-navel\/\">Lire la suite<\/a><\/p>\n","protected":false},"author":3,"featured_media":0,"comment_status":"open","ping_status":"open","sticky":false,"template":"","format":"standard","meta":{"footnotes":""},"categories":[1],"tags":[],"class_list":["post-2049","post","type-post","status-publish","format-standard","hentry","category-non-classe"],"_links":{"self":[{"href":"http:\/\/lalorrainedesecrivains.univ-lorraine.fr\/en\/wp-json\/wp\/v2\/posts\/2049","targetHints":{"allow":["GET"]}}],"collection":[{"href":"http:\/\/lalorrainedesecrivains.univ-lorraine.fr\/en\/wp-json\/wp\/v2\/posts"}],"about":[{"href":"http:\/\/lalorrainedesecrivains.univ-lorraine.fr\/en\/wp-json\/wp\/v2\/types\/post"}],"author":[{"embeddable":true,"href":"http:\/\/lalorrainedesecrivains.univ-lorraine.fr\/en\/wp-json\/wp\/v2\/users\/3"}],"replies":[{"embeddable":true,"href":"http:\/\/lalorrainedesecrivains.univ-lorraine.fr\/en\/wp-json\/wp\/v2\/comments?post=2049"}],"version-history":[{"count":4,"href":"http:\/\/lalorrainedesecrivains.univ-lorraine.fr\/en\/wp-json\/wp\/v2\/posts\/2049\/revisions"}],"predecessor-version":[{"id":3458,"href":"http:\/\/lalorrainedesecrivains.univ-lorraine.fr\/en\/wp-json\/wp\/v2\/posts\/2049\/revisions\/3458"}],"wp:attachment":[{"href":"http:\/\/lalorrainedesecrivains.univ-lorraine.fr\/en\/wp-json\/wp\/v2\/media?parent=2049"}],"wp:term":[{"taxonomy":"category","embeddable":true,"href":"http:\/\/lalorrainedesecrivains.univ-lorraine.fr\/en\/wp-json\/wp\/v2\/categories?post=2049"},{"taxonomy":"post_tag","embeddable":true,"href":"http:\/\/lalorrainedesecrivains.univ-lorraine.fr\/en\/wp-json\/wp\/v2\/tags?post=2049"}],"curies":[{"name":"wp","href":"https:\/\/api.w.org\/{rel}","templated":true}]}}