{"id":2058,"date":"2016-09-20T13:28:22","date_gmt":"2016-09-20T12:28:22","guid":{"rendered":"http:\/\/studioreb.fr\/lde\/?p=2058"},"modified":"2016-10-11T19:34:10","modified_gmt":"2016-10-11T18:34:10","slug":"francois-nourissier","status":"publish","type":"post","link":"http:\/\/lalorrainedesecrivains.univ-lorraine.fr\/en\/francois-nourissier\/","title":{"rendered":"Fran\u00e7ois Nourissier"},"content":{"rendered":"<p>N\u00e9 le 18 mai 1927 \u00e0 Paris, mort le 15 f\u00e9vrier 2011 dans la m\u00eame ville.<\/p>\n<p>Apr\u00e8s des \u00e9tudes aux lyc\u00e9es Saint-Louis et Louis-le-Grand, il r\u00e9alise des \u00e9tudes peu brillantes \u00e0 Sciences-Po et \u00e0 la facult\u00e9 de droit.<\/p>\n<p>Apr\u00e8s avoir r\u00e9alis\u00e9 plusieurs petits boulots, il devient le secr\u00e9taire g\u00e9n\u00e9ral des \u00e9ditions Deno\u00ebl en 1952 puis le r\u00e9dacteur en chef de la revue\u00a0<em>La Parisienne<\/em>\u00a0en 1955 et conseiller aux \u00e9ditions Grasset en 1958.<\/p>\n<p>Parall\u00e8lement, Fran\u00e7ois Nourissier \u00e9crit beaucoup et publie son premier roman,\u00a0<em>L\u2019Eau Grise<\/em>, en 1951.<\/p>\n<p>En tant que journaliste, il travaille pour de nombreux journaux et revues au cours des ann\u00e9es 1960 et 1970\u00a0:\u00a0<em>Elle, Marie-Claire, Paris-Match, Le Monde, Les Lettres Fran\u00e7aises, T\u00e9moignage chr\u00e9tien, France-Observateur<\/em>.<\/p>\n<p>Il est \u00e9lu \u00e0 l\u2019Acad\u00e9mie Goncourt en 1977, en devient le secr\u00e9taire g\u00e9n\u00e9ral en 1983 puis le pr\u00e9sident de 1996 \u00e0 2002. Son \u0153uvre compte plus de 20 romans. Le dernier, Eau-de-Feu publi\u00e9 en 2008, raconte la relation qu\u2019il entretenait avec l\u2019alcool et sa femme.<\/p>\n<p>&nbsp;<\/p>\n<h2><strong>Bibliographie s\u00e9lective<\/strong><\/h2>\n<p><em>L\u2019Eau Grise<\/em> (1951)<\/p>\n<p><em>La Vie Parfaite<\/em> (1952)<\/p>\n<p><em>Les Orphelins d\u2019Auteuil<\/em> (1956)<\/p>\n<p><em>Les Corps de Diane<\/em> (1957)<\/p>\n<p><em>Un Petit Bourgeois<\/em> (1964)<\/p>\n<p><em>Le Ma\u00eetre de Maison<\/em> (1968)<\/p>\n<p><em>Allemande<\/em> (1973)<\/p>\n<p><em>Le Mus\u00e9e de l\u2019Homme<\/em> (1978)<\/p>\n<p><em>Bratislava<\/em> (1990)<\/p>\n<p><em>Roman vol\u00e9<\/em> (1996)<\/p>\n<p><em>Le Bar de l\u2019escadrille<\/em> (1997)<\/p>\n<p><em>A d\u00e9faut de g\u00e9nie<\/em> (2000)<\/p>\n<p><em>Eau-de-Feu<\/em> (2008)<\/p>\n<p>&nbsp;<\/p>\n<h2>Citation<\/h2>\n<p><em>\u00ab\u00a0Notre tourn\u00e9e la plus r\u00e9ussie a \u00e9t\u00e9 dans les Vosges \u00e0 Plombi\u00e8res et \u00e0 Luxeuil qui nous ont fait aimer la vie aux Eaux en France que nous pr\u00e9f\u00e9rons de beaucoup \u00e0 celle du Bad allemand. Nous nous sommes trouv\u00e9s par hasard \u00e0 Nancy jsuste au moment o\u00f9 les Allemands commen\u00e7aient \u00e0 en partir, et nous avonss vu aux vitrines d\u2019amples provisions de drapeaux tricolores et de lanternes v\u00e9nitiennes pour ceux qui d\u00e9siraient acheter ces signes de r\u00e9jouissance nationale. Je m\u2019imagine sans peine que les Allemands par cntre , ne se r\u00e9jouissent nullement, comme me le disait une dame prussienne, de quitter cette jolie ville pour \u00ab\u00a0les bords de la Spree\u00a0\u00bb o\u00f9 selon l\u2019expression fran\u00e7aise, tous les Allemands sont suppos\u00e9s habiter.\u00a0\u00bb<\/em><\/p>\n<p>Source : lettre envoy\u00e9e \u00e0 son \u00e9diteur en 1873<\/p>\n","protected":false},"excerpt":{"rendered":"<p>N\u00e9 le 18 mai 1927 \u00e0 Paris, mort le 15 f\u00e9vrier 2011 dans la m\u00eame ville. Apr\u00e8s des \u00e9tudes aux lyc\u00e9es Saint-Louis et Louis-le-Grand, il r\u00e9alise des<\/p>\n<p> <a class=\"more-link\" href=\"http:\/\/lalorrainedesecrivains.univ-lorraine.fr\/en\/francois-nourissier\/\">Lire la suite<\/a><\/p>\n","protected":false},"author":3,"featured_media":0,"comment_status":"open","ping_status":"open","sticky":false,"template":"","format":"standard","meta":{"footnotes":""},"categories":[1],"tags":[],"class_list":["post-2058","post","type-post","status-publish","format-standard","hentry","category-non-classe"],"_links":{"self":[{"href":"http:\/\/lalorrainedesecrivains.univ-lorraine.fr\/en\/wp-json\/wp\/v2\/posts\/2058","targetHints":{"allow":["GET"]}}],"collection":[{"href":"http:\/\/lalorrainedesecrivains.univ-lorraine.fr\/en\/wp-json\/wp\/v2\/posts"}],"about":[{"href":"http:\/\/lalorrainedesecrivains.univ-lorraine.fr\/en\/wp-json\/wp\/v2\/types\/post"}],"author":[{"embeddable":true,"href":"http:\/\/lalorrainedesecrivains.univ-lorraine.fr\/en\/wp-json\/wp\/v2\/users\/3"}],"replies":[{"embeddable":true,"href":"http:\/\/lalorrainedesecrivains.univ-lorraine.fr\/en\/wp-json\/wp\/v2\/comments?post=2058"}],"version-history":[{"count":4,"href":"http:\/\/lalorrainedesecrivains.univ-lorraine.fr\/en\/wp-json\/wp\/v2\/posts\/2058\/revisions"}],"predecessor-version":[{"id":3457,"href":"http:\/\/lalorrainedesecrivains.univ-lorraine.fr\/en\/wp-json\/wp\/v2\/posts\/2058\/revisions\/3457"}],"wp:attachment":[{"href":"http:\/\/lalorrainedesecrivains.univ-lorraine.fr\/en\/wp-json\/wp\/v2\/media?parent=2058"}],"wp:term":[{"taxonomy":"category","embeddable":true,"href":"http:\/\/lalorrainedesecrivains.univ-lorraine.fr\/en\/wp-json\/wp\/v2\/categories?post=2058"},{"taxonomy":"post_tag","embeddable":true,"href":"http:\/\/lalorrainedesecrivains.univ-lorraine.fr\/en\/wp-json\/wp\/v2\/tags?post=2058"}],"curies":[{"name":"wp","href":"https:\/\/api.w.org\/{rel}","templated":true}]}}