{"id":1939,"date":"2016-09-20T13:05:01","date_gmt":"2016-09-20T12:05:01","guid":{"rendered":"http:\/\/studioreb.fr\/lde\/?p=1939"},"modified":"2016-10-12T09:22:25","modified_gmt":"2016-10-12T08:22:25","slug":"louis-bertrand","status":"publish","type":"post","link":"http:\/\/lalorrainedesecrivains.univ-lorraine.fr\/es\/louis-bertrand\/","title":{"rendered":"Louis Bertrand"},"content":{"rendered":"<p>N\u00e9 le 20 mars 1866 \u00e0 Spincourt, mort le 6 d\u00e9cembre 1941 au Cap d\u2019Antibes.<\/p>\n<p>Apr\u00e8s des \u00e9tudes de lettres \u00e0 l\u2019\u00e9cole normale sup\u00e9rieure, Louis Bertrand devient professeur de rh\u00e9torique dans diff\u00e9rents \u00e9tablissements\u00a0\u00e0 Aix-en-Provence puis Bourg-en-Bresse et \u00e0 Alger, ville dans laquelle il obtient son doctorat \u00e8s Lettres en 1897. Cependant la vie de professeur ne lui convient pas et il d\u00e9cide de d\u00e9missionner en 1897 pour se consacrer totalement \u00e0 l&#8217;\u00e9criture.<\/p>\n<p>Ses premiers romans s\u2019inspirent fortement de ses exp\u00e9riences \u00e0 Alger mais ceux-ci sont aujourd\u2019hui tomb\u00e9s dans l\u2019oubli. Il r\u00e9alise \u00e9galement de nombreux \u00e9crits sur la M\u00e9diterran\u00e9e et l\u2019Orient.<\/p>\n<p>Il est \u00e9lu \u00e0 l\u2019Acad\u00e9mie fran\u00e7aise le 19 novembre 1925 en succession \u00e0 Maurice Barr\u00e8s. Son discours d\u2019\u00e9loge sur Barr\u00e8s fait pol\u00e9mique car il est per\u00e7u comme trop modeste par la presse qui oblige Louis Bertrand \u00e0 se justifier dans un article qu\u2019il publie dans\u00a0<em>Candide<\/em>.<\/p>\n<p>&nbsp;<\/p>\n<h2><strong>Bibliographie s\u00e9lective<\/strong><\/h2>\n<h3>Romans<\/h3>\n<p><em>Le Sang des races<\/em> (1899)<\/p>\n<p><em>La Cina<\/em> (1901)<\/p>\n<p><em>Le Rival de Don Juan<\/em> (1903)<\/p>\n<p><em>L\u2019Invasion<\/em> (1907)<\/p>\n<p><em>Les Bains de Phal\u00e8re<\/em> (1910)<\/p>\n<p><em>Mademoiselle de Jessincourt<\/em> (1911)<\/p>\n<p><em>La concession de Madame Pedtitgand<\/em> (1912)<\/p>\n<p><em>Cardenio<\/em> (1922)<\/p>\n<p><em>Le Roman de la Conqu\u00eate<\/em> (1930)<\/p>\n<h3>Essais et biographies<\/h3>\n<p><em>Le jardin de la mort<\/em> (1905)<\/p>\n<p><em>Le Mirage oriental<\/em> (1910)<\/p>\n<p><em>Gustave Flaubert<\/em> (1912)<\/p>\n<p><em>Les plus belles pages de saint Augustin<\/em> (1916)<\/p>\n<p><em>Flaubert \u00e0 Paris ou le mort vivant<\/em> (1921)<\/p>\n<p><em>Les villes d&#8217;or &#8211; Alg\u00e9rie et Tunisie romaines<\/em> (1921)<\/p>\n<p><em>Louis XIV<\/em> (1923)<\/p>\n<p><em>Les journ\u00e9es du grand roi<\/em> (1925)<\/p>\n<p><em>Ma Lorraine, souvenirs et portraits<\/em> (1926)<\/p>\n<p><em>Id\u00e9es et portraits<\/em> (1927)<\/p>\n<p><em>Histoire de Napol\u00e9on<\/em> (1929)<\/p>\n<p><em>Nuits d\u2019Alger<\/em> (1929)<\/p>\n<p><em>Histoire d\u2019Espagne<\/em> (1932)<\/p>\n<p><em>La Riviera que j\u2019ai connue<\/em> (1933)<\/p>\n<p><em>L\u2019Espagne <\/em>(1937)<\/p>\n<p><em>La Lorraine<\/em> (1937)<\/p>\n<p><em>Un grand Africain : le mar\u00e9chal de Saint-Arnaud<\/em> (1941)<\/p>\n<p>&nbsp;<\/p>\n<h2>Citation<\/h2>\n<p>\u00ab\u00a0<em>En une nuit, l\u2019immense blancheur prenait possession du pays. Elle p\u00e9n\u00e9trait sous les portes les mieux closes et s\u2019\u00e9parpillait en un semis scintillant sur les dalles des corridors. Le matin, quad on ouvrait l\u2019huis pesamment verrouill\u00e9, des amoncellements de neige aveuglante, qui montaient parfois jusqu\u2019\u00e0 mi-cuisse, vous barraient le chemin. Pour r\u00e9tablir les communications entre les maisons du village, il fallait entreprendre de v\u00e9ritables travaux de terrassement. Les paysans sortaient les brouettes, leurs pelles, leurs balais. On d\u00e9blayait les entours des logis, on tra\u00e7ait des sentiers et des routes. Au dehors, la circulation \u00e9tait suspendue. Les chevaux immobilis\u00e9s soufflaient bruyamment dans les \u00e9curies closes. Au-dessus du grand d\u00e9sert blanc, rien ne bougeait que les ailes fun\u00e8bres des corbeaux affam\u00e9s, qui s\u2019enhardissaient jusqu\u2019\u00e0 s\u2019approcher des \u00e9tables. Des bandes de loups \u00e9taient signal\u00e9es dans les bois des environs. Le garde g\u00e9n\u00e9ral organisait des battues, et, de grand matin, on voyait les chasseurs partir, en peaux de bique et en casquettes de loutre, les moustaches h\u00e9riss\u00e9es de petits gla\u00e7ons luisants.<\/em>\u00a0\u00bb<\/p>\n<p>Source : Ma Lorraine, Paris, 1926.<\/p>\n","protected":false},"excerpt":{"rendered":"<p>N\u00e9 le 20 mars 1866 \u00e0 Spincourt, mort le 6 d\u00e9cembre 1941 au Cap d\u2019Antibes. Apr\u00e8s des \u00e9tudes de lettres \u00e0 l\u2019\u00e9cole normale sup\u00e9rieure, Louis Bertrand devient<\/p>\n<p> <a class=\"more-link\" href=\"http:\/\/lalorrainedesecrivains.univ-lorraine.fr\/es\/louis-bertrand\/\">Lire la suite<\/a><\/p>\n","protected":false},"author":3,"featured_media":0,"comment_status":"open","ping_status":"open","sticky":false,"template":"","format":"standard","meta":{"footnotes":""},"categories":[42],"tags":[],"class_list":["post-1939","post","type-post","status-publish","format-standard","hentry","category-ecrivains"],"_links":{"self":[{"href":"http:\/\/lalorrainedesecrivains.univ-lorraine.fr\/es\/wp-json\/wp\/v2\/posts\/1939","targetHints":{"allow":["GET"]}}],"collection":[{"href":"http:\/\/lalorrainedesecrivains.univ-lorraine.fr\/es\/wp-json\/wp\/v2\/posts"}],"about":[{"href":"http:\/\/lalorrainedesecrivains.univ-lorraine.fr\/es\/wp-json\/wp\/v2\/types\/post"}],"author":[{"embeddable":true,"href":"http:\/\/lalorrainedesecrivains.univ-lorraine.fr\/es\/wp-json\/wp\/v2\/users\/3"}],"replies":[{"embeddable":true,"href":"http:\/\/lalorrainedesecrivains.univ-lorraine.fr\/es\/wp-json\/wp\/v2\/comments?post=1939"}],"version-history":[{"count":5,"href":"http:\/\/lalorrainedesecrivains.univ-lorraine.fr\/es\/wp-json\/wp\/v2\/posts\/1939\/revisions"}],"predecessor-version":[{"id":3519,"href":"http:\/\/lalorrainedesecrivains.univ-lorraine.fr\/es\/wp-json\/wp\/v2\/posts\/1939\/revisions\/3519"}],"wp:attachment":[{"href":"http:\/\/lalorrainedesecrivains.univ-lorraine.fr\/es\/wp-json\/wp\/v2\/media?parent=1939"}],"wp:term":[{"taxonomy":"category","embeddable":true,"href":"http:\/\/lalorrainedesecrivains.univ-lorraine.fr\/es\/wp-json\/wp\/v2\/categories?post=1939"},{"taxonomy":"post_tag","embeddable":true,"href":"http:\/\/lalorrainedesecrivains.univ-lorraine.fr\/es\/wp-json\/wp\/v2\/tags?post=1939"}],"curies":[{"name":"wp","href":"https:\/\/api.w.org\/{rel}","templated":true}]}}