{"id":1945,"date":"2016-09-20T13:06:23","date_gmt":"2016-09-20T12:06:23","guid":{"rendered":"http:\/\/studioreb.fr\/lde\/?p=1945"},"modified":"2016-10-12T09:19:11","modified_gmt":"2016-10-12T08:19:11","slug":"anne-marie-blanc","status":"publish","type":"post","link":"http:\/\/lalorrainedesecrivains.univ-lorraine.fr\/es\/anne-marie-blanc\/","title":{"rendered":"Anne-Marie Blanc"},"content":{"rendered":"<p>Anne-Marie Blanc est n\u00e9e le 16 d\u00e9cembre 1931 \u00e0 Piennes.<\/p>\n<p>Alors animatrice de l\u2019Association de Recherches et d\u2019\u00c9tudes en Sciences Sociales sur la Lorraine Industrielle, Anne-Marie Blanc publie son premier roman,\u00a0<em>Marie Romaine<\/em>, en s\u2019inspirant du parcours de sa propre famille pour relater la vie d\u2019ouvriers immigr\u00e9s install\u00e9s en cit\u00e9.<\/p>\n<p>Elle a \u00e0 ce jour r\u00e9alis\u00e9 quatre \u0153uvres qui ont la particularit\u00e9 d\u2019\u00eatre toutes ancr\u00e9es sur le territoire lorrain, sa r\u00e9gion natale.<\/p>\n<h2><strong>Bibliographie<\/strong><\/h2>\n<p><em>Marie-Romaine<\/em> (1978)<\/p>\n<p><em>Le Bassin de Landres<\/em> (1991)<\/p>\n<p><em>Pays-Haut<\/em> (1991)<\/p>\n<p><em>Pays-Haut, dits et r\u00e9cits 1939-1959<\/em> (2002)<\/p>\n<h2>Citation<\/h2>\n<p>\u00ab\u00a0<em>Les cit\u00e9s de la gare sont comme une \u00e9norme maisonn\u00e9e turbulente. De sa nouvelle demeure elle ne verra plus, par les dimanches ensoleill\u00e9s, les familles pique-niquer au son de l\u2019accord\u00e9on, dans les pr\u00e9s, non loin des maisons. La dure fatigue et les soucis sont pour quelques heures oubli\u00e9s et les refrains repris en ch\u0153ur. Les enfants heureux, dans leurs pauvres habits, dansent et frappent dans leurs mains. Elle n\u2019entendra plus les Polonaises chanter dans les maisons, les soirs d\u2019hiver, \u00e0 la veill\u00e9e.<\/em>\u00a0\u00bb<\/p>\n<p>Source : Marie-Romaine, Paris, 1978<\/p>\n","protected":false},"excerpt":{"rendered":"<p>Anne-Marie Blanc est n\u00e9e le 16 d\u00e9cembre 1931 \u00e0 Piennes. Alors animatrice de l\u2019Association de Recherches et d\u2019\u00c9tudes en Sciences Sociales sur la Lorraine Industrielle, Anne-Marie Blanc<\/p>\n<p> <a class=\"more-link\" href=\"http:\/\/lalorrainedesecrivains.univ-lorraine.fr\/es\/anne-marie-blanc\/\">Lire la suite<\/a><\/p>\n","protected":false},"author":3,"featured_media":0,"comment_status":"open","ping_status":"open","sticky":false,"template":"","format":"standard","meta":{"footnotes":""},"categories":[42],"tags":[],"class_list":["post-1945","post","type-post","status-publish","format-standard","hentry","category-ecrivains"],"_links":{"self":[{"href":"http:\/\/lalorrainedesecrivains.univ-lorraine.fr\/es\/wp-json\/wp\/v2\/posts\/1945","targetHints":{"allow":["GET"]}}],"collection":[{"href":"http:\/\/lalorrainedesecrivains.univ-lorraine.fr\/es\/wp-json\/wp\/v2\/posts"}],"about":[{"href":"http:\/\/lalorrainedesecrivains.univ-lorraine.fr\/es\/wp-json\/wp\/v2\/types\/post"}],"author":[{"embeddable":true,"href":"http:\/\/lalorrainedesecrivains.univ-lorraine.fr\/es\/wp-json\/wp\/v2\/users\/3"}],"replies":[{"embeddable":true,"href":"http:\/\/lalorrainedesecrivains.univ-lorraine.fr\/es\/wp-json\/wp\/v2\/comments?post=1945"}],"version-history":[{"count":3,"href":"http:\/\/lalorrainedesecrivains.univ-lorraine.fr\/es\/wp-json\/wp\/v2\/posts\/1945\/revisions"}],"predecessor-version":[{"id":3513,"href":"http:\/\/lalorrainedesecrivains.univ-lorraine.fr\/es\/wp-json\/wp\/v2\/posts\/1945\/revisions\/3513"}],"wp:attachment":[{"href":"http:\/\/lalorrainedesecrivains.univ-lorraine.fr\/es\/wp-json\/wp\/v2\/media?parent=1945"}],"wp:term":[{"taxonomy":"category","embeddable":true,"href":"http:\/\/lalorrainedesecrivains.univ-lorraine.fr\/es\/wp-json\/wp\/v2\/categories?post=1945"},{"taxonomy":"post_tag","embeddable":true,"href":"http:\/\/lalorrainedesecrivains.univ-lorraine.fr\/es\/wp-json\/wp\/v2\/tags?post=1945"}],"curies":[{"name":"wp","href":"https:\/\/api.w.org\/{rel}","templated":true}]}}