{"id":1991,"date":"2016-09-20T13:15:27","date_gmt":"2016-09-20T12:15:27","guid":{"rendered":"http:\/\/studioreb.fr\/lde\/?p=1991"},"modified":"2016-10-12T09:10:07","modified_gmt":"2016-10-12T08:10:07","slug":"elise-fischer","status":"publish","type":"post","link":"http:\/\/lalorrainedesecrivains.univ-lorraine.fr\/es\/elise-fischer\/","title":{"rendered":"\u00c9lise Fischer"},"content":{"rendered":"<p>N\u00e9e le 13 juillet 1948 \u00e0 Champigneulles.<\/p>\n<p>Elise Fischer m\u00e8ne plusieurs vies \u00e0 la fois. Journaliste de presse et de radio, productrice et animatrice t\u00e9l\u00e9, elle a \u00e9galement \u00e9crit de nombreux romans souvent r\u00e9compens\u00e9s ainsi que plusieurs essais consacr\u00e9s aux droits de l\u2019enfant. Elle a pour habitude d\u2019utiliser la Lorraine et son histoire comme cadre pour ses romans en y dressant de poignants portraits de familles et de travailleurs.<\/p>\n<p>Elle publie son premier roman,\u00a0<em>Les Enfants de l\u2019apartheid<\/em>, en 1988 et a aujourd\u2019hui \u00e9crit plus d\u2019une trentaine d\u2019ouvrages. Elle s\u2019est \u00e9galement essay\u00e9 avec succ\u00e8s \u00e0 la litt\u00e9rature de jeunesse, une premi\u00e8re fois en 2008 avec\u00a0<em>Meurtre au Village du Livre<\/em>\u00a0puis en 2012 et 2013.<\/p>\n<p>&nbsp;<\/p>\n<h2><strong>Bibliographie s\u00e9lective<\/strong><\/h2>\n<h3>Romans<\/h3>\n<p><em>Les Enfants de l\u2019apartheid<\/em> (1988)<\/p>\n<p><em>La Col\u00e8re de mouche<\/em> (1998)<\/p>\n<p><em>Les Alliances de cristal<\/em> (2003)<\/p>\n<p><em>Nous, les derniers mineurs<\/em> (2005)<\/p>\n<p><em>Le Roman de la Place Stanislas<\/em> (2007)<\/p>\n<p><em>Quand je serai grand<\/em> (2009)<\/p>\n<p><em>Le R\u00eave de la Grenouille<\/em> (2011)<\/p>\n<p><em>Au P\u00e9ril de la v\u00e9rit\u00e9<\/em> (2013)<\/p>\n<p><em>La Tante de Russie<\/em> (2014)<\/p>\n<p><em>Sur le Fil<\/em> (2016)<\/p>\n<p>&nbsp;<\/p>\n<h2>Citation<\/h2>\n<p>\u00ab\u00a0Ma m\u00e8re avait beau m\u2019avoir expliqu\u00e9 que Nancy, ce n\u2019\u00e9tait pas Saint-P\u00e9tersbourg, qui ne s\u2019appelait plus ainsi depuis la r\u00e9volution russe, quand je d\u00e9ambulais dans la grande ville \u00e0 la sortie du lyc\u00e9e, j\u2019imaginais et r\u00eavais forc\u00e9ment d\u2019ailleurs. Je voyais la cath\u00e9drale de Nancy, et pour moi, c\u2019\u00e9tait ou l\u2019\u00e9glise du Sauveur-sur-le-Sang-Vers\u00e9 dont j\u2019avais trouv\u00e9 de magnifiques photos dans un ouvrage de la Russie des tsars, ou encore l\u2019\u00e9glise du Tchesma, \u00e9lanc\u00e9e et fine, dont je me disais\u00a0: elle est comme l\u2019\u00e9glise Saint-Epvre, mais elle a multipli\u00e9 des tours. Si j\u2019\u00e9tais place Stanislas, je voyais les fontaines proches du mus\u00e9e de l\u2019Ermitage accol\u00e9 au palais d\u2019Hiver. J\u2019ai toujours aim\u00e9 me transposer dans une autre \u00e9poque.<\/p>\n<p>La vieille ville de Nancy, dont je savais que certaines maisons dataient du seizi\u00e8me ou dix-septi\u00e8me si\u00e8cle, me plaisait beaucoup. T\u00e9moins de l\u2019histoire, les murs avaient entendu bien des conversations et les restituaient pour peu que l\u2019on tende l\u2019oreille. L\u2019histoire ne pouvait se r\u00e9v\u00e9ler, j\u2019en \u00e9tais persuad\u00e9e, qu\u2019aux \u00e2mes attentives. Ces murs exhalaient les souffrances et les amours, les grandes id\u00e9es et les bassesses li\u00e9es \u00e0 l\u2019histoire de l\u2019humanit\u00e9. Quels complots \u00e9taient n\u00e9s dans ces ruelles\u00a0? Quels drames avaient eu lieu\u00a0? Plus r\u00e9cemment, Nancy avait eu \u00e0 souffrir de l\u2019Occupation et des rafles. Et les b\u00e2timents continuaient de s\u2019\u00e9lever et de d\u00e9fier les ans. Ils r\u00e9sistaient au temps, aux \u00e9v\u00e9nements, se contentant d\u2019\u00eatre et semblant dire aux humains venus les admirer\u00a0: \u00ab\u00a0N\u2019oubliez rien et tirez les le\u00e7ons du pass\u00e9 pour que l\u2019histoire ne serve pas deux fois les m\u00eames plats\u00a0\u00bb.\u00a0\u00bb<\/p>\n<p>Source : Le R\u00eave de la Grenouille, Paris, 2011.<\/p>\n","protected":false},"excerpt":{"rendered":"<p>N\u00e9e le 13 juillet 1948 \u00e0 Champigneulles. Elise Fischer m\u00e8ne plusieurs vies \u00e0 la fois. Journaliste de presse et de radio, productrice et animatrice t\u00e9l\u00e9, elle a<\/p>\n<p> <a class=\"more-link\" href=\"http:\/\/lalorrainedesecrivains.univ-lorraine.fr\/es\/elise-fischer\/\">Lire la suite<\/a><\/p>\n","protected":false},"author":3,"featured_media":0,"comment_status":"open","ping_status":"open","sticky":false,"template":"","format":"standard","meta":{"footnotes":""},"categories":[1],"tags":[],"class_list":["post-1991","post","type-post","status-publish","format-standard","hentry","category-non-classe"],"_links":{"self":[{"href":"http:\/\/lalorrainedesecrivains.univ-lorraine.fr\/es\/wp-json\/wp\/v2\/posts\/1991","targetHints":{"allow":["GET"]}}],"collection":[{"href":"http:\/\/lalorrainedesecrivains.univ-lorraine.fr\/es\/wp-json\/wp\/v2\/posts"}],"about":[{"href":"http:\/\/lalorrainedesecrivains.univ-lorraine.fr\/es\/wp-json\/wp\/v2\/types\/post"}],"author":[{"embeddable":true,"href":"http:\/\/lalorrainedesecrivains.univ-lorraine.fr\/es\/wp-json\/wp\/v2\/users\/3"}],"replies":[{"embeddable":true,"href":"http:\/\/lalorrainedesecrivains.univ-lorraine.fr\/es\/wp-json\/wp\/v2\/comments?post=1991"}],"version-history":[{"count":4,"href":"http:\/\/lalorrainedesecrivains.univ-lorraine.fr\/es\/wp-json\/wp\/v2\/posts\/1991\/revisions"}],"predecessor-version":[{"id":3488,"href":"http:\/\/lalorrainedesecrivains.univ-lorraine.fr\/es\/wp-json\/wp\/v2\/posts\/1991\/revisions\/3488"}],"wp:attachment":[{"href":"http:\/\/lalorrainedesecrivains.univ-lorraine.fr\/es\/wp-json\/wp\/v2\/media?parent=1991"}],"wp:term":[{"taxonomy":"category","embeddable":true,"href":"http:\/\/lalorrainedesecrivains.univ-lorraine.fr\/es\/wp-json\/wp\/v2\/categories?post=1991"},{"taxonomy":"post_tag","embeddable":true,"href":"http:\/\/lalorrainedesecrivains.univ-lorraine.fr\/es\/wp-json\/wp\/v2\/tags?post=1991"}],"curies":[{"name":"wp","href":"https:\/\/api.w.org\/{rel}","templated":true}]}}