{"id":2005,"date":"2016-09-20T13:17:53","date_gmt":"2016-09-20T12:17:53","guid":{"rendered":"http:\/\/studioreb.fr\/lde\/?p=2005"},"modified":"2016-10-11T19:47:52","modified_gmt":"2016-10-11T18:47:52","slug":"stanislas-de-guaita","status":"publish","type":"post","link":"http:\/\/lalorrainedesecrivains.univ-lorraine.fr\/es\/stanislas-de-guaita\/","title":{"rendered":"Stanislas de Guaita"},"content":{"rendered":"<p>N\u00e9 le 6 avril 1861 \u00e0 Tarquimpol, mort le 19 d\u00e9cembre 1897 dans la m\u00eame ville.<\/p>\n<p>Stanislas de Gua\u00efta est issu d\u2019une famille noble italienne, install\u00e9e en Lorraine au d\u00e9but du XIX<sup>\u00e8me<\/sup>\u00a0si\u00e8cle.<\/p>\n<p>Auteur d\u2019essais et de po\u00e8mes, il se met \u00e0 \u00e9crire tr\u00e8s t\u00f4t et ne sort pas beaucoup de son appartement. Esprit tourment\u00e9, il est accabl\u00e9 par la barbarie des Hommes. Ce sentiment de d\u00e9go\u00fbt pour la soci\u00e9t\u00e9 se retrouve dans certains de ses po\u00e8mes de l\u2019\u00e9poque. Le XIX<sup>\u00e8me<\/sup>\u00a0si\u00e8cle est port\u00e9 par une science qui combat la religion et Stanislas de Gua\u00efta affirme que la discorde ne peut amener la beaut\u00e9.<\/p>\n<p>Il commence \u00e0 s\u2019int\u00e9resser aux sciences occultes et au martinisme au travers des \u00e9crits Peladan ou \u00c9liphas L\u00e9vi. Inspir\u00e9 par le mysticisme chr\u00e9tien, il fonde l\u2019Ordre Kabbalistique de la Rose-Croix en 1889.<\/p>\n<p>Dans son premier essai,\u00a0<em>Au seuil du Myst\u00e8re<\/em>, publi\u00e9 en 1886, il rassemble les mages, proph\u00e8tes et philosophes qui ont port\u00e9 les secrets de la magie des temps les plus anciens au XIX<sup>\u00e8me<\/sup>\u00a0si\u00e8cle. Port\u00e9 par la question du bien et du mal, il passe le reste de sa vie \u00e0 l\u2019\u00e9tudier dans l\u2019Histoire, les religions, les livres sacr\u00e9s et chez les philosophes.<\/p>\n<p>Il meurt \u00e0 l\u2019\u00e2ge de 36 ans dans le domaine familial d\u2019Alteville des suites d\u2019une intoxication aux stup\u00e9fiants.<\/p>\n<p>&nbsp;<\/p>\n<h2><strong>Biographie s\u00e9lective<\/strong><\/h2>\n<h3>Essais<\/h3>\n<p><em>Au seuil du Myst\u00e8re<\/em> (1886)<\/p>\n<p><em>Le serpent de la Gen\u00e8se, premi\u00e8re septaine <\/em>(1891)<\/p>\n<p><em>Le serpent de la Gen\u00e8se, deuxi\u00e8me septaine<\/em> (1897)<\/p>\n<p><em>Le serpent de la Gen\u00e8se, troisi\u00e8me septaine<\/em> (inachev\u00e9)<\/p>\n<h3><strong>Po\u00e9sie<\/strong><\/h3>\n<p><em>Oiseaux de passage\u00a0: rimes fantastiques, rimes d\u2019\u00e9b\u00e8ne<\/em> (1881)<\/p>\n<p><em>La Muse noire<\/em> (1883)<\/p>\n<p><em>Rosa Mystica<\/em> (1885)<\/p>\n<p>&nbsp;<\/p>\n<h2>Citation<\/h2>\n<p>\u00ab\u00a0<em>Midi \u2013 Sous le soleil torride<\/em><\/p>\n<p><em>Le pr\u00e9 fume\u00a0; la roche aride<\/em><\/p>\n<p><em>Se fendille\u00a0; &#8211; pas une ride<\/em><\/p>\n<p><em>Sur l\u2019\u00e9tang bleu\u00a0;<\/em><\/p>\n<p><em>Et, de la plaine aromatique,<\/em><\/p>\n<p><em>Monte, monte, comme un cantique,<\/em><\/p>\n<p><em>Une ti\u00e8de senteur rustique<\/em><\/p>\n<p><em>Vers l\u2019astre dieu\u00a0!<\/em>\u00a0\u00bb<\/p>\n<p>Source : Rosa Mystica, Paris, 1885.<\/p>\n","protected":false},"excerpt":{"rendered":"<p>N\u00e9 le 6 avril 1861 \u00e0 Tarquimpol, mort le 19 d\u00e9cembre 1897 dans la m\u00eame ville. Stanislas de Gua\u00efta est issu d\u2019une famille noble italienne, install\u00e9e en<\/p>\n<p> <a class=\"more-link\" href=\"http:\/\/lalorrainedesecrivains.univ-lorraine.fr\/es\/stanislas-de-guaita\/\">Lire la suite<\/a><\/p>\n","protected":false},"author":3,"featured_media":0,"comment_status":"open","ping_status":"open","sticky":false,"template":"","format":"standard","meta":{"footnotes":""},"categories":[1],"tags":[],"class_list":["post-2005","post","type-post","status-publish","format-standard","hentry","category-non-classe"],"_links":{"self":[{"href":"http:\/\/lalorrainedesecrivains.univ-lorraine.fr\/es\/wp-json\/wp\/v2\/posts\/2005","targetHints":{"allow":["GET"]}}],"collection":[{"href":"http:\/\/lalorrainedesecrivains.univ-lorraine.fr\/es\/wp-json\/wp\/v2\/posts"}],"about":[{"href":"http:\/\/lalorrainedesecrivains.univ-lorraine.fr\/es\/wp-json\/wp\/v2\/types\/post"}],"author":[{"embeddable":true,"href":"http:\/\/lalorrainedesecrivains.univ-lorraine.fr\/es\/wp-json\/wp\/v2\/users\/3"}],"replies":[{"embeddable":true,"href":"http:\/\/lalorrainedesecrivains.univ-lorraine.fr\/es\/wp-json\/wp\/v2\/comments?post=2005"}],"version-history":[{"count":5,"href":"http:\/\/lalorrainedesecrivains.univ-lorraine.fr\/es\/wp-json\/wp\/v2\/posts\/2005\/revisions"}],"predecessor-version":[{"id":4333,"href":"http:\/\/lalorrainedesecrivains.univ-lorraine.fr\/es\/wp-json\/wp\/v2\/posts\/2005\/revisions\/4333"}],"wp:attachment":[{"href":"http:\/\/lalorrainedesecrivains.univ-lorraine.fr\/es\/wp-json\/wp\/v2\/media?parent=2005"}],"wp:term":[{"taxonomy":"category","embeddable":true,"href":"http:\/\/lalorrainedesecrivains.univ-lorraine.fr\/es\/wp-json\/wp\/v2\/categories?post=2005"},{"taxonomy":"post_tag","embeddable":true,"href":"http:\/\/lalorrainedesecrivains.univ-lorraine.fr\/es\/wp-json\/wp\/v2\/tags?post=2005"}],"curies":[{"name":"wp","href":"https:\/\/api.w.org\/{rel}","templated":true}]}}