{"id":2007,"date":"2016-09-20T13:18:09","date_gmt":"2016-09-20T12:18:09","guid":{"rendered":"http:\/\/studioreb.fr\/lde\/?p=2007"},"modified":"2016-10-11T19:47:22","modified_gmt":"2016-10-11T18:47:22","slug":"charles-guerin","status":"publish","type":"post","link":"http:\/\/lalorrainedesecrivains.univ-lorraine.fr\/es\/charles-guerin\/","title":{"rendered":"Charles Gu\u00e9rin"},"content":{"rendered":"<p>N\u00e9 le 29 d\u00e9cembre 1873 \u00e0 Lun\u00e9ville, mort le 17 mars 1907 dans la m\u00eame ville.<\/p>\n<p>Fils d\u2019une famille d\u2019industriels Lorrains, Charles Gu\u00e9rin r\u00e9alise ses \u00e9tudes \u00e0 la facult\u00e9 des Lettres de Nancy dans le but d\u2019y obtenir une licence en Allemand.<\/p>\n<p>Port\u00e9 par la po\u00e9sie, il publie son premier recueil,\u00a0<em>Fleurs de neige<\/em>, en 1893 puis deux autres,\u00a0<em>Joies grises<\/em>\u00a0et\u00a0<em>Le sang du cr\u00e9puscule<\/em>\u00a0au cours des deux ann\u00e9es suivantes.<\/p>\n<p>De voyage \u00e0 Paris, il fr\u00e9quente les cercles litt\u00e9raires et po\u00e9tiques. Il y rencontre son futur \u00e9diteur Alfred Valette, le directeur du Mercure de France, qui lui confie aussi la r\u00e9alisation d\u2019articles litt\u00e9raires. Il peut alors se permettre de son consacrer enti\u00e8rement \u00e0 l\u2019\u00e9criture. Il produit un grand nombre de po\u00e8mes mais tous ne seront pas publi\u00e9s. Il en profite \u00e9galement pour intervenir dans d\u2019autres revues telle que l\u2019Ermitage. Passionn\u00e9 de voyage, il visite la France, l\u2019Italie, la Belgique et l\u2019Allemagne qui lui permettent de d\u00e9couvrir diff\u00e9rents champs po\u00e9tiques.<\/p>\n<p>De sant\u00e9 fragile, Charles Gu\u00e9rin meurt pr\u00e9matur\u00e9ment \u00e0 l\u2019\u00e2ge de 33 ans.<\/p>\n<p>&nbsp;<\/p>\n<h2><strong>Bibliographie s\u00e9lective<\/strong><\/h2>\n<h3>Po\u00e9sie<\/h3>\n<p><em>Fleurs de neige<\/em> (1893)<\/p>\n<p><em>Georges Rodenbach<\/em> (1893)<\/p>\n<p><em>Joies grises<\/em> (1894)<\/p>\n<p><em>Le Sang des Cr\u00e9puscules<\/em> (1895)<\/p>\n<p><em>Le C\u0153ur Solitaire<\/em> (1898)<\/p>\n<p><em>Le Semeur de cendres<\/em> (1901)<\/p>\n<p><em>L\u2019Homme int\u00e9rieur<\/em> (1905)<\/p>\n<p>&nbsp;<\/p>\n<h2>Citation<\/h2>\n<p>\u00ab\u00a0<em>Sur mon mur, comme un c\u0153ur d\u00e9bordant de lumi\u00e8re,<\/em><\/p>\n<p><em>Une rose a fleuri, de toutes la premi\u00e8re.<\/em><\/p>\n<p><em>Du coin de la fen\u00eatre o\u00f9 je r\u00eave, on pourrait,<\/em><\/p>\n<p><em>En se penchant un peu, la cueillir \u00e0 regret\u00a0;<\/em><\/p>\n<p><em>Car, trop vite au milieu des livres \u00e9touff\u00e9e,<\/em><\/p>\n<p><em>Je n\u2019aurais pas joui du d\u00e9licat troph\u00e9e\u00a0;<\/em><\/p>\n<p><em>Car elle est svelte et blanche, elle est jeune d\u2019un jour,<\/em><\/p>\n<p><em>Elle rit au ciel neuf de mai, pleine d\u2019amour.<\/em><\/p>\n<p><em>Son destin n\u2019est-il pas d\u2019embellir ma demeure<\/em><\/p>\n<p><em>Avec d\u2019autres qui vont \u00e9clore d\u2019heure en heure\u00a0?<\/em><\/p>\n<p><em>Que le vent donc l\u2019embrase et la berce en \u00e9poux<\/em><\/p>\n<p><em>Loin de m\u2019en \u00e9mouvoir d\u2019aucun chagrin jaloux,<\/em><\/p>\n<p><em>Il me pla\u00eet qu\u2019elle vive heureuse et qu\u2019on la voie,<\/em><\/p>\n<p><em>Et j\u2019\u00e9cris \u00e0 sa gloire un po\u00e8me de joie.<\/em>\u00a0\u00bb<\/p>\n<p>Source : Premiers et derniers vers, Paris, 1923.<\/p>\n","protected":false},"excerpt":{"rendered":"<p>N\u00e9 le 29 d\u00e9cembre 1873 \u00e0 Lun\u00e9ville, mort le 17 mars 1907 dans la m\u00eame ville. Fils d\u2019une famille d\u2019industriels Lorrains, Charles Gu\u00e9rin r\u00e9alise ses \u00e9tudes \u00e0<\/p>\n<p> <a class=\"more-link\" href=\"http:\/\/lalorrainedesecrivains.univ-lorraine.fr\/es\/charles-guerin\/\">Lire la suite<\/a><\/p>\n","protected":false},"author":3,"featured_media":0,"comment_status":"open","ping_status":"open","sticky":false,"template":"","format":"standard","meta":{"footnotes":""},"categories":[1],"tags":[],"class_list":["post-2007","post","type-post","status-publish","format-standard","hentry","category-non-classe"],"_links":{"self":[{"href":"http:\/\/lalorrainedesecrivains.univ-lorraine.fr\/es\/wp-json\/wp\/v2\/posts\/2007","targetHints":{"allow":["GET"]}}],"collection":[{"href":"http:\/\/lalorrainedesecrivains.univ-lorraine.fr\/es\/wp-json\/wp\/v2\/posts"}],"about":[{"href":"http:\/\/lalorrainedesecrivains.univ-lorraine.fr\/es\/wp-json\/wp\/v2\/types\/post"}],"author":[{"embeddable":true,"href":"http:\/\/lalorrainedesecrivains.univ-lorraine.fr\/es\/wp-json\/wp\/v2\/users\/3"}],"replies":[{"embeddable":true,"href":"http:\/\/lalorrainedesecrivains.univ-lorraine.fr\/es\/wp-json\/wp\/v2\/comments?post=2007"}],"version-history":[{"count":4,"href":"http:\/\/lalorrainedesecrivains.univ-lorraine.fr\/es\/wp-json\/wp\/v2\/posts\/2007\/revisions"}],"predecessor-version":[{"id":3475,"href":"http:\/\/lalorrainedesecrivains.univ-lorraine.fr\/es\/wp-json\/wp\/v2\/posts\/2007\/revisions\/3475"}],"wp:attachment":[{"href":"http:\/\/lalorrainedesecrivains.univ-lorraine.fr\/es\/wp-json\/wp\/v2\/media?parent=2007"}],"wp:term":[{"taxonomy":"category","embeddable":true,"href":"http:\/\/lalorrainedesecrivains.univ-lorraine.fr\/es\/wp-json\/wp\/v2\/categories?post=2007"},{"taxonomy":"post_tag","embeddable":true,"href":"http:\/\/lalorrainedesecrivains.univ-lorraine.fr\/es\/wp-json\/wp\/v2\/tags?post=2007"}],"curies":[{"name":"wp","href":"https:\/\/api.w.org\/{rel}","templated":true}]}}