{"id":2062,"date":"2016-09-20T13:29:00","date_gmt":"2016-09-20T12:29:00","guid":{"rendered":"http:\/\/studioreb.fr\/lde\/?p=2062"},"modified":"2016-10-11T19:32:56","modified_gmt":"2016-10-11T18:32:56","slug":"pierre-pevel","status":"publish","type":"post","link":"http:\/\/lalorrainedesecrivains.univ-lorraine.fr\/es\/pierre-pevel\/","title":{"rendered":"Pierre Pevel"},"content":{"rendered":"<p>N\u00e9 en 1968.<\/p>\n<p>Apr\u00e8s avoir effectu\u00e9 une pr\u00e9pa litt\u00e9raire au lyc\u00e9e Henri-Poincar\u00e9 de Nancy, Pierre Pevel devient sc\u00e9nariste, journaliste et auteur de jeux de r\u00f4les. Passionn\u00e9 d\u2019\u00e9criture, il d\u00e9cide de se consacrer totalement \u00e0 l\u2019\u00e9criture en 1996 et publie son premier roman de fantasy,\u00a0<em>Premier Sang<\/em>, sous le pseudonyme Pierre Jacq.<\/p>\n<p>En 2001, il abandonne son pseudonyme pour signer de son vrai nom la trilogie des\u00a0<em>Ombres de Wielstadt<\/em>, qui lui permet d\u2019\u00eatre reconnu dans le genre et pour laquelle il obtient le Grand prix de l\u2019Imaginaire en 2002.<\/p>\n<p>Il est aujourd\u2019hui l\u2019auteur de plus d\u2019une dizaine de romans.<\/p>\n<h2><strong>Bibliographie s\u00e9lective<\/strong><\/h2>\n<p><em>Premier Sang<\/em> (1996)<\/p>\n<p><em>La Voie du Sang<\/em> (1996)<\/p>\n<p><em>Le Prix du Sang<\/em> (1997)<\/p>\n<p><em>In Memoriam<\/em> (1998)<\/p>\n<p><em>Les Ombres de Wielstadt<\/em> (2001)<\/p>\n<p><em>Les Masques de Wielstadt<\/em> (2002)<\/p>\n<p><em>Viktoria 91<\/em> (2002)<\/p>\n<p><em>Les Enchantements d\u2019Ambremer<\/em> (2003)<\/p>\n<p><em>Le Chevalier de Wielstadt<\/em> (2004)<\/p>\n<p><em>L\u2019\u00c9lixir d\u2019Oubli<\/em> (2004)<\/p>\n<p><em>Les Lames du Cardinal<\/em> (2007)<\/p>\n<p><em>L\u2019Alchimiste des Ombres<\/em> (2009)<\/p>\n<p>&nbsp;<\/p>\n<h2>Citation<\/h2>\n<p><em>\u00ab\u00a0Un bon feu gourmand de b\u00fbches dans l\u2019\u00e2tre. Sa chaleur et sa lumi\u00e8re baignaient la pi\u00e8ce parcourue d\u2019ombres mouvantes.<\/em><\/p>\n<p><em>Seul devant la chemin\u00e9e, dos \u00e0 la grande table qui envahissait la pi\u00e8ce, Jacob Huyghens attendait. Il avait vingt ans \u00e0 peine. Bien b\u00e2ti, le port noble, il n\u2019\u00e9tait pas sans charme en d\u00e9pit d\u2019une physionomie assez s\u00e9v\u00e8re que soulignait la coupe aust\u00e8re de ses v\u00eatements bourgeois, tous noirs hormis sa chemise et ses bas blancs. On devinait en lui l\u2019\u00e9tudiant impatient de rev\u00eatir la robe de ses ma\u00eetres de l\u2019Universit\u00e9. On devait en lui un protestant. On ne se trompait pas.<\/em><\/p>\n<p><em>Soucieux, le visage ferm\u00e9, il jeta un regard vers la haute horloge qui, au rythme de son balancier, scandait le silence seulement troubl\u00e9 par les ronflements et les cr\u00e9pitements du feu.<\/em><\/p>\n<p><em>Deux heures de l\u2019apr\u00e8s-midi, pensa-t-il. Il ne viendra pas. Ou trop tard\u2026<\/em><\/p>\n<p><em>Des pas retenus se firent entendre \u00e0 l\u2019\u00e9tage, puis dans l\u2019escalier. Jacob se retourna quand entra la petite bonne de la maisonn\u00e9e. Blonde, assez jolie de visage mais le corps manquant de gr\u00e2ce, elle avait les yeux rouges d\u2019avoir beaucoup pleur\u00e9. Quelques m\u00e8ches en d\u00e9sordre s\u2019\u00e9chappaient du bonnet qui la coiffait. Elle se laissa tomber sur une chaise et s\u2019abandonn\u00e9 \u00e0 de lourds et douloureux sanglots.\u00a0\u00bb<\/em><\/p>\n<p>Source : Les ombres du Wieldstadt, Paris, 2001<\/p>\n","protected":false},"excerpt":{"rendered":"<p>N\u00e9 en 1968. Apr\u00e8s avoir effectu\u00e9 une pr\u00e9pa litt\u00e9raire au lyc\u00e9e Henri-Poincar\u00e9 de Nancy, Pierre Pevel devient sc\u00e9nariste, journaliste et auteur de jeux de r\u00f4les. Passionn\u00e9 d\u2019\u00e9criture,<\/p>\n<p> <a class=\"more-link\" href=\"http:\/\/lalorrainedesecrivains.univ-lorraine.fr\/es\/pierre-pevel\/\">Lire la suite<\/a><\/p>\n","protected":false},"author":3,"featured_media":0,"comment_status":"open","ping_status":"open","sticky":false,"template":"","format":"standard","meta":{"footnotes":""},"categories":[1],"tags":[],"class_list":["post-2062","post","type-post","status-publish","format-standard","hentry","category-non-classe"],"_links":{"self":[{"href":"http:\/\/lalorrainedesecrivains.univ-lorraine.fr\/es\/wp-json\/wp\/v2\/posts\/2062","targetHints":{"allow":["GET"]}}],"collection":[{"href":"http:\/\/lalorrainedesecrivains.univ-lorraine.fr\/es\/wp-json\/wp\/v2\/posts"}],"about":[{"href":"http:\/\/lalorrainedesecrivains.univ-lorraine.fr\/es\/wp-json\/wp\/v2\/types\/post"}],"author":[{"embeddable":true,"href":"http:\/\/lalorrainedesecrivains.univ-lorraine.fr\/es\/wp-json\/wp\/v2\/users\/3"}],"replies":[{"embeddable":true,"href":"http:\/\/lalorrainedesecrivains.univ-lorraine.fr\/es\/wp-json\/wp\/v2\/comments?post=2062"}],"version-history":[{"count":4,"href":"http:\/\/lalorrainedesecrivains.univ-lorraine.fr\/es\/wp-json\/wp\/v2\/posts\/2062\/revisions"}],"predecessor-version":[{"id":3455,"href":"http:\/\/lalorrainedesecrivains.univ-lorraine.fr\/es\/wp-json\/wp\/v2\/posts\/2062\/revisions\/3455"}],"wp:attachment":[{"href":"http:\/\/lalorrainedesecrivains.univ-lorraine.fr\/es\/wp-json\/wp\/v2\/media?parent=2062"}],"wp:term":[{"taxonomy":"category","embeddable":true,"href":"http:\/\/lalorrainedesecrivains.univ-lorraine.fr\/es\/wp-json\/wp\/v2\/categories?post=2062"},{"taxonomy":"post_tag","embeddable":true,"href":"http:\/\/lalorrainedesecrivains.univ-lorraine.fr\/es\/wp-json\/wp\/v2\/tags?post=2062"}],"curies":[{"name":"wp","href":"https:\/\/api.w.org\/{rel}","templated":true}]}}