{"id":2078,"date":"2016-09-20T13:32:15","date_gmt":"2016-09-20T12:32:15","guid":{"rendered":"http:\/\/studioreb.fr\/lde\/?p=2078"},"modified":"2016-10-11T19:22:06","modified_gmt":"2016-10-11T18:22:06","slug":"marie-francoise-stellat","status":"publish","type":"post","link":"http:\/\/lalorrainedesecrivains.univ-lorraine.fr\/es\/marie-francoise-stellat\/","title":{"rendered":"Marie-Fran\u00e7oise Stellat"},"content":{"rendered":"<p>Laur\u00e9ate du prix de la plume de Vair en 1993 pour son roman <em>L\u2019Ombre des \u00c9pilobes<\/em> et du prix Erckmann-Chatrian la m\u00eame ann\u00e9e pour <em>Vous reviendrez\u2026 Anna<\/em>.<\/p>\n<p>&nbsp;<\/p>\n<h2><strong>Bibliographie<\/strong><\/h2>\n<p><em>Vous reviendrez\u2026 Anna<\/em> (1993)<\/p>\n<p><em>L\u2019Ombre des \u00c9pilobes<\/em> (1993)<\/p>\n<p>&nbsp;<\/p>\n<h2>Citation<\/h2>\n<p><em>\u00ab\u00a0Je suis n\u00e9e avec l\u2019aube. La neige n\u2019avait pas cess\u00e9 de tomber. J\u2019\u00e9tais n\u00e9e et il ne prendrait jamais le large, le fier galion craquant de lumi\u00e8re et de r\u00eaves fous\u00a0!<\/em><\/p>\n<p><em>Mon p\u00e8re n\u2019avait pas eu de fils. Et, dans la campagne, gel\u00e9e et immobilis\u00e9e comme une \u00e9pave abandonn\u00e9e, elle gisait la grande maison. Mon p\u00e8re n\u2019aimait plus son r\u00eave. Les travaux d\u2019am\u00e9nagement int\u00e9rieur \u00e9taient loin d\u2019\u00eatre achev\u00e9s. Ma m\u00e8re croyait encore qu\u2019il se consolerait. Ma m\u00e8re regardait avec gratitude cette toute petite fille qu\u2019elle avait port\u00e9e dans les fonds secrets de sa chair, qu\u2019elle avait re\u00e7ue avec tout son myst\u00e8re et elle ne pouvait pas croire que mon p\u00e8re ne finirait pas par s\u2019\u00e9lancer sur tous les chemins, avec elle \u00e0 ses c\u00f4t\u00e9s, elle qui mettait dans ses bras, toute la vie du monde. Ma m\u00e8re, avec tellement d\u2019amour ne pouvait pas accepter la blessure de mon p\u00e8re. Elle ne pouvait pas la reconna\u00eetre. Elle appelait cela un caprice. Elle se trompait\u2026\u00a0\u00bb<\/em><\/p>\n<p>Source : Vous reviendrez&#8230; Anna, Paris, 1993<\/p>\n","protected":false},"excerpt":{"rendered":"<p>Laur\u00e9ate du prix de la plume de Vair en 1993 pour son roman L\u2019Ombre des \u00c9pilobes et du prix Erckmann-Chatrian la m\u00eame ann\u00e9e pour Vous reviendrez\u2026 Anna.<\/p>\n<p> <a class=\"more-link\" href=\"http:\/\/lalorrainedesecrivains.univ-lorraine.fr\/es\/marie-francoise-stellat\/\">Lire la suite<\/a><\/p>\n","protected":false},"author":3,"featured_media":0,"comment_status":"open","ping_status":"open","sticky":false,"template":"","format":"standard","meta":{"footnotes":""},"categories":[1],"tags":[],"class_list":["post-2078","post","type-post","status-publish","format-standard","hentry","category-non-classe"],"_links":{"self":[{"href":"http:\/\/lalorrainedesecrivains.univ-lorraine.fr\/es\/wp-json\/wp\/v2\/posts\/2078","targetHints":{"allow":["GET"]}}],"collection":[{"href":"http:\/\/lalorrainedesecrivains.univ-lorraine.fr\/es\/wp-json\/wp\/v2\/posts"}],"about":[{"href":"http:\/\/lalorrainedesecrivains.univ-lorraine.fr\/es\/wp-json\/wp\/v2\/types\/post"}],"author":[{"embeddable":true,"href":"http:\/\/lalorrainedesecrivains.univ-lorraine.fr\/es\/wp-json\/wp\/v2\/users\/3"}],"replies":[{"embeddable":true,"href":"http:\/\/lalorrainedesecrivains.univ-lorraine.fr\/es\/wp-json\/wp\/v2\/comments?post=2078"}],"version-history":[{"count":1,"href":"http:\/\/lalorrainedesecrivains.univ-lorraine.fr\/es\/wp-json\/wp\/v2\/posts\/2078\/revisions"}],"predecessor-version":[{"id":3449,"href":"http:\/\/lalorrainedesecrivains.univ-lorraine.fr\/es\/wp-json\/wp\/v2\/posts\/2078\/revisions\/3449"}],"wp:attachment":[{"href":"http:\/\/lalorrainedesecrivains.univ-lorraine.fr\/es\/wp-json\/wp\/v2\/media?parent=2078"}],"wp:term":[{"taxonomy":"category","embeddable":true,"href":"http:\/\/lalorrainedesecrivains.univ-lorraine.fr\/es\/wp-json\/wp\/v2\/categories?post=2078"},{"taxonomy":"post_tag","embeddable":true,"href":"http:\/\/lalorrainedesecrivains.univ-lorraine.fr\/es\/wp-json\/wp\/v2\/tags?post=2078"}],"curies":[{"name":"wp","href":"https:\/\/api.w.org\/{rel}","templated":true}]}}