{"id":1922,"date":"2016-09-20T13:01:36","date_gmt":"2016-09-20T12:01:36","guid":{"rendered":"http:\/\/studioreb.fr\/lde\/?p=1922"},"modified":"2016-10-12T09:24:08","modified_gmt":"2016-10-12T08:24:08","slug":"william-de-bazelaire-de-lesseux","status":"publish","type":"post","link":"http:\/\/lalorrainedesecrivains.univ-lorraine.fr\/it\/william-de-bazelaire-de-lesseux\/","title":{"rendered":"William de Bazelaire de Lesseux"},"content":{"rendered":"<p>N\u00e9 en 1928 \u00e0 Saint-Di\u00e9.<\/p>\n<p>Journaliste \u00e0 Paris Match, il se fait conna\u00eetre du grand public pour ses deux romans,\u00a0<em>L\u2019Or de la B\u00e9r\u00e9zina<\/em>\u00a0publi\u00e9 en 1977 et\u00a0<em>Le Vent et la lumi\u00e8re<\/em>\u00a0publi\u00e9 en 1980.<\/p>\n<h2><strong>Bibliographie<\/strong><\/h2>\n<p><em>L\u2019Or de la B\u00e9r\u00e9zina<\/em> (1977)<\/p>\n<p><em>Le Vent et la lumi\u00e8re<\/em> (1980)<\/p>\n","protected":false},"excerpt":{"rendered":"<p>N\u00e9 en 1928 \u00e0 Saint-Di\u00e9. Journaliste \u00e0 Paris Match, il se fait conna\u00eetre du grand public pour ses deux romans,\u00a0L\u2019Or de la B\u00e9r\u00e9zina\u00a0publi\u00e9 en 1977 et\u00a0Le Vent<\/p>\n<p> <a class=\"more-link\" href=\"http:\/\/lalorrainedesecrivains.univ-lorraine.fr\/it\/william-de-bazelaire-de-lesseux\/\">Lire la suite<\/a><\/p>\n","protected":false},"author":3,"featured_media":0,"comment_status":"open","ping_status":"open","sticky":false,"template":"","format":"standard","meta":{"footnotes":""},"categories":[42],"tags":[],"class_list":["post-1922","post","type-post","status-publish","format-standard","hentry","category-ecrivains"],"_links":{"self":[{"href":"http:\/\/lalorrainedesecrivains.univ-lorraine.fr\/it\/wp-json\/wp\/v2\/posts\/1922","targetHints":{"allow":["GET"]}}],"collection":[{"href":"http:\/\/lalorrainedesecrivains.univ-lorraine.fr\/it\/wp-json\/wp\/v2\/posts"}],"about":[{"href":"http:\/\/lalorrainedesecrivains.univ-lorraine.fr\/it\/wp-json\/wp\/v2\/types\/post"}],"author":[{"embeddable":true,"href":"http:\/\/lalorrainedesecrivains.univ-lorraine.fr\/it\/wp-json\/wp\/v2\/users\/3"}],"replies":[{"embeddable":true,"href":"http:\/\/lalorrainedesecrivains.univ-lorraine.fr\/it\/wp-json\/wp\/v2\/comments?post=1922"}],"version-history":[{"count":3,"href":"http:\/\/lalorrainedesecrivains.univ-lorraine.fr\/it\/wp-json\/wp\/v2\/posts\/1922\/revisions"}],"predecessor-version":[{"id":3527,"href":"http:\/\/lalorrainedesecrivains.univ-lorraine.fr\/it\/wp-json\/wp\/v2\/posts\/1922\/revisions\/3527"}],"wp:attachment":[{"href":"http:\/\/lalorrainedesecrivains.univ-lorraine.fr\/it\/wp-json\/wp\/v2\/media?parent=1922"}],"wp:term":[{"taxonomy":"category","embeddable":true,"href":"http:\/\/lalorrainedesecrivains.univ-lorraine.fr\/it\/wp-json\/wp\/v2\/categories?post=1922"},{"taxonomy":"post_tag","embeddable":true,"href":"http:\/\/lalorrainedesecrivains.univ-lorraine.fr\/it\/wp-json\/wp\/v2\/tags?post=1922"}],"curies":[{"name":"wp","href":"https:\/\/api.w.org\/{rel}","templated":true}]}}