{"id":1989,"date":"2016-09-20T13:15:08","date_gmt":"2016-09-20T12:15:08","guid":{"rendered":"http:\/\/studioreb.fr\/lde\/?p=1989"},"modified":"2016-10-12T09:10:33","modified_gmt":"2016-10-12T08:10:33","slug":"aurelie-filippetti","status":"publish","type":"post","link":"http:\/\/lalorrainedesecrivains.univ-lorraine.fr\/it\/aurelie-filippetti\/","title":{"rendered":"Aur\u00e9lie Filippetti"},"content":{"rendered":"<p>N\u00e9e le 17 juin 1973 \u00e0 Villerupt.<\/p>\n<p>Apr\u00e8s des \u00e9tudes \u00e0 l\u2019\u00e9cole nationale sup\u00e9rieure pour y obtenir l\u2019agr\u00e9gation de lettres, Aur\u00e9lie Filippetti d\u00e9bute sa carri\u00e8re en tant que professeur de fran\u00e7ais puis\u00a0entre en politique.<\/p>\n<p>Elle est aujourd\u2019hui d\u00e9put\u00e9e de Moselle et porte-parole des socialistes \u00e0 l\u2019Assembl\u00e9e Nationale. Elle \u00e9tait Ministre de la culture et de la Communication dans les gouvernements Ayrault et Valls de 2012 \u00e0 2014.<\/p>\n<p>Aur\u00e9lie Filippetti est \u00e9galement romanci\u00e8re. Elle sort un premier roman en 2003 dans lequel elle rend hommage \u00e0 son grand-p\u00e8re, immigr\u00e9 italien venu travailler dans les mines de fer en Lorraine, qui fut r\u00e9sistant lors de la Seconde Guerre Mondiale et arr\u00eat\u00e9 par la Gestapo avant d\u2019\u00eatre envoy\u00e9 en camp de concentration.<\/p>\n<p>Elle sort un second roman en 2006, cette fois port\u00e9 par une histoire d\u2019amour.<\/p>\n<p>En 2016, elle devient la pr\u00e9sidente du Festival de cin\u00e9ma m\u00e9diterran\u00e9en de Montpellier.<\/p>\n<p>&nbsp;<\/p>\n<h2><strong>Bibliographie<\/strong><\/h2>\n<p><em>Les Derniers jours de la classe ouvri\u00e8re<\/em> (2003)<\/p>\n<p><em>Un Homme dans la poche<\/em> (2006)<\/p>\n<p>&nbsp;<\/p>\n<h2>Citation<\/h2>\n<p>\u00ab\u00a0<em>Il n\u2019en pouvait plus de cet h\u00f4pital, o\u00f9 il croupissait depuis deux mois. Il voulait sortir, il voulait rentrer chez lui, \u00e0 Auden. Les m\u00e9decins le gavaient d\u2019antibiotiques pour combattre le virus qui s\u2019\u00e9tait introduit lors de l\u2019op\u00e9ration. A c\u0153ur ouvert, les bras en croix, allong\u00e9 sur la table, il avait cru entrevoir une lumi\u00e8re verte tout au bout de la nuit. Sur le torse, la cicatrice nouvelle ne se refermait pas. Son dos \u00e9tait balafr\u00e9 de haut en bas, du c\u00f4t\u00e9 droit, \u00e0 l\u2019endroit o\u00f9 on lui avait enlev\u00e9 un poumon, huit ann\u00e9es plus t\u00f4t. Il disait que c\u2019\u00e9tait trop pour un seul homme. Entre-temps, le Mur \u00e9tait tomb\u00e9. Tout le pire avait \u00e9t\u00e9 r\u00e9v\u00e9l\u00e9, av\u00e9r\u00e9. C\u2019\u00e9tait plus qu\u2019un id\u00e9al, c\u2019\u00e9tait une vie, c\u2019\u00e9taient mille villes, bafou\u00e9es, r\u00e9duites \u00e0 n\u00e9ant. Comment continuer \u00e0 \u00eatre communiste apr\u00e8s \u00e7a, apr\u00e8s tout ce g\u00e2chis, et comment d\u00e9cider subitement de ne plus l\u2019\u00eatre, quand vos tripes, tout crie que votre combat \u00e0 vous, en France, dans le Pays-Haut, \u00e9tait juste. Longwy Lorraine C\u0153ur d\u2019acier. O\u00f9 trouver la force de se battre encore, simplement pour soi, pour sauver sa peau. L\u2019\u00e9nergie \u00e9tait partie ailleurs, dans des discussions de cellule, dans les meetings et les r\u00e9unions, les manifs, les campagnes \u00e9lectorales, faire changer le Partie de l\u2019int\u00e9rieur, faire changer la soci\u00e9t\u00e9. En 1984, devant Matignon, ils \u00e9taient tous couch\u00e9s par terre, les mineurs et les sid\u00e9rurgistes de Lorraine, lui dans son \u00e9charpe tricolore. C\u2019\u00e9tait la derni\u00e8re marche, celle du d\u00e9sespoir. Ils \u00e9taient tous venus crier une derni\u00e8re fois que la Lorraine vivre. D\u2019Hayange, Forbach, de Moyeuvre, Longwy, Lorraine C\u0153ur d\u2019acier. Les CRS \u00e9taient pr\u00eats \u00e0 charger, alors ils se sont tous allong\u00e9s, sur le trottoir. Ils ont attendu que quelqu\u2019un les entende. Une voiture est arriv\u00e9e, un ministre, bloqu\u00e9 par les manifestants. Il est descendu. Charles Fiterman. Les a reconnus\u00a0: &#8211; qu\u2019est-ce que tu fais l\u00e0\u00a0? \u2013 Tu vois, on manifeste.<\/em><\/p>\n<p><em>Les mines ont ferm\u00e9 les unes apr\u00e8s les autres\u00a0: Joeuf, Jarny, Tressange, Moyeuvre, Mairy-Mainville, Piennes\u2026 Audun-le-Tiche, exploit\u00e9e par l\u2019ARBED luxembourgeoise, fut la derni\u00e8re mine de fer de Lorraine \u00e0 poursuivre son activit\u00e9. Une \u00e9quipe de mineurs continue d\u2019y descendre, pour un entretien minimal, avant que l\u2019ordre de l\u2019ordalie finale soit donn\u00e9\u00a0: inondez les galeries.<\/em>\u00a0\u00bb<\/p>\n<p>Source : Les Derniers jours de la classe ouvri\u00e8re, Paris, 2003.<\/p>\n","protected":false},"excerpt":{"rendered":"<p>N\u00e9e le 17 juin 1973 \u00e0 Villerupt. Apr\u00e8s des \u00e9tudes \u00e0 l\u2019\u00e9cole nationale sup\u00e9rieure pour y obtenir l\u2019agr\u00e9gation de lettres, Aur\u00e9lie Filippetti d\u00e9bute sa carri\u00e8re en tant<\/p>\n<p> <a class=\"more-link\" href=\"http:\/\/lalorrainedesecrivains.univ-lorraine.fr\/it\/aurelie-filippetti\/\">Lire la suite<\/a><\/p>\n","protected":false},"author":3,"featured_media":0,"comment_status":"open","ping_status":"open","sticky":false,"template":"","format":"standard","meta":{"footnotes":""},"categories":[1],"tags":[],"class_list":["post-1989","post","type-post","status-publish","format-standard","hentry","category-non-classe"],"_links":{"self":[{"href":"http:\/\/lalorrainedesecrivains.univ-lorraine.fr\/it\/wp-json\/wp\/v2\/posts\/1989","targetHints":{"allow":["GET"]}}],"collection":[{"href":"http:\/\/lalorrainedesecrivains.univ-lorraine.fr\/it\/wp-json\/wp\/v2\/posts"}],"about":[{"href":"http:\/\/lalorrainedesecrivains.univ-lorraine.fr\/it\/wp-json\/wp\/v2\/types\/post"}],"author":[{"embeddable":true,"href":"http:\/\/lalorrainedesecrivains.univ-lorraine.fr\/it\/wp-json\/wp\/v2\/users\/3"}],"replies":[{"embeddable":true,"href":"http:\/\/lalorrainedesecrivains.univ-lorraine.fr\/it\/wp-json\/wp\/v2\/comments?post=1989"}],"version-history":[{"count":4,"href":"http:\/\/lalorrainedesecrivains.univ-lorraine.fr\/it\/wp-json\/wp\/v2\/posts\/1989\/revisions"}],"predecessor-version":[{"id":3489,"href":"http:\/\/lalorrainedesecrivains.univ-lorraine.fr\/it\/wp-json\/wp\/v2\/posts\/1989\/revisions\/3489"}],"wp:attachment":[{"href":"http:\/\/lalorrainedesecrivains.univ-lorraine.fr\/it\/wp-json\/wp\/v2\/media?parent=1989"}],"wp:term":[{"taxonomy":"category","embeddable":true,"href":"http:\/\/lalorrainedesecrivains.univ-lorraine.fr\/it\/wp-json\/wp\/v2\/categories?post=1989"},{"taxonomy":"post_tag","embeddable":true,"href":"http:\/\/lalorrainedesecrivains.univ-lorraine.fr\/it\/wp-json\/wp\/v2\/tags?post=1989"}],"curies":[{"name":"wp","href":"https:\/\/api.w.org\/{rel}","templated":true}]}}