{"id":2029,"date":"2016-09-20T13:21:48","date_gmt":"2016-09-20T12:21:48","guid":{"rendered":"http:\/\/studioreb.fr\/lde\/?p=2029"},"modified":"2016-10-11T19:43:30","modified_gmt":"2016-10-11T18:43:30","slug":"jean-lhote","status":"publish","type":"post","link":"http:\/\/lalorrainedesecrivains.univ-lorraine.fr\/it\/jean-lhote\/","title":{"rendered":"Jean L&#8217;H\u00f4te"},"content":{"rendered":"<p>N\u00e9 le 13 janvier 1929 \u00e0 Mign\u00e9ville, mort le 28 avril 1985 \u00e0 Nancy.<\/p>\n<p>Jean L\u2019H\u00f4te d\u00e9bute ses \u00e9tudes au lyc\u00e9e Henri Poincar\u00e9 \u00e0 Nancy. Apr\u00e8s avoir obtenu son baccalaur\u00e9at, il \u00e9tudie l\u2019art et l\u2019arch\u00e9ologie \u00e0 l\u2019Universit\u00e9 de Nancy. Passionn\u00e9 par le cin\u00e9ma, il r\u00e9ussit en 1948 le concours de l\u2019Institut des Hautes Etudes Cin\u00e9matographiques. Il se rend \u00e0 Paris pour faire des documentaires sur les fran\u00e7ais et r\u00e9alise des courts m\u00e9trages.<\/p>\n<p>Il entre \u00e0 la t\u00e9l\u00e9vision en 1950 avant d\u2019\u00eatre remerci\u00e9 pendant un temps pour une erreur pendant un direct. Il en profite pour \u00e9crire un roman,\u00a0<em>La Communale<\/em>, dont il tire l\u2019inspiration de ses souvenirs d\u2019enfance. Le livre connait un beau succ\u00e8s d\u00e8s sa publication et il obtient le prix Erckmann-Chatrian.<\/p>\n<p>Il retourne \u00e0 la t\u00e9l\u00e9vision et r\u00e9alise des sujets pour la majorit\u00e9 des \u00e9missions de l\u2019\u00e9poque. Il est \u00e9galement l\u2019auteur d\u2019une quinzaine de fictions et d\u2019une vingtaine de documentaires.<\/p>\n<p>Il d\u00e9c\u00e8de le 28 avril 1985, peu de temps avant de recevoir son 7 d\u2019or du meilleur sc\u00e9nario pour son film\u00a0<em>Le Diable dans le b\u00e9nitier<\/em>.<\/p>\n<p>&nbsp;<\/p>\n<h2><strong>Bibliographie s\u00e9lective<\/strong><\/h2>\n<p><em>La Communale<\/em> (1957)<\/p>\n<p><em>Un dimanche au champ d\u2019honneur<\/em> (1958)<\/p>\n<p><em>Le Hughenot r\u00e9calcitrant et autres nouvelles<\/em> (1963)<\/p>\n<p><em>Confessions d\u2019un enfant de ch\u0153ur<\/em> (1965)<\/p>\n<p><em>Les prairies du seigneur<\/em> (1968)<\/p>\n<p><em>Le M\u00e9cr\u00e9ant ou les preuves de l\u2019existence de Dieu<\/em> (1981)<\/p>\n<p>&nbsp;<\/p>\n<h2>Citation<\/h2>\n<p>\u00ab\u00a0<em>Arriv\u00e9s \u00e0 quelques kilom\u00e8tres de Lun\u00e9ville, profitant d\u2019un arr\u00eat, je prends quelques affaires et descends du train. Ce trajet l\u00e0 du v\u00e9ritable retour chez moi, je voulais le red\u00e9couvrir, le pays de mon enfance, moi qui l\u2019avais quitt\u00e9 \u2013 par mesure de pr\u00e9caution \u2013 m\u00eame avant le d\u00e9but des hostilit\u00e9s, mon p\u00e8re nous ayant envoy\u00e9s \u00e0 la campagne.<\/em><\/p>\n<p><em>J\u2019avais quitt\u00e9 Lun\u00e9ville \u00e0 14 ans, j\u2019\u00e9tais adolescent, je le retrouvais \u00e0 21 ans, j\u2019\u00e9tais un homme qui avait fait la guerre et connu l\u2019Occupation en Allemagne. Ces retrouvailles-l\u00e0 je voulais les vivre seul. Et ce fut comme si la maison, notre maison avec son jardin, se jetait sous mon regard. J\u2019avais chang\u00e9, j\u2019avais m\u00fbri, la maison avait subi la guerre, ce moment unique se grava dans ma m\u00e9moire.<\/em>\u00a0\u00bb<\/p>\n<p>Source : De la Guerre \u00e0 l&#8217;amour des mots, Paris, 2012.<\/p>\n","protected":false},"excerpt":{"rendered":"<p>N\u00e9 le 13 janvier 1929 \u00e0 Mign\u00e9ville, mort le 28 avril 1985 \u00e0 Nancy. Jean L\u2019H\u00f4te d\u00e9bute ses \u00e9tudes au lyc\u00e9e Henri Poincar\u00e9 \u00e0 Nancy. Apr\u00e8s avoir<\/p>\n<p> <a class=\"more-link\" href=\"http:\/\/lalorrainedesecrivains.univ-lorraine.fr\/it\/jean-lhote\/\">Lire la suite<\/a><\/p>\n","protected":false},"author":3,"featured_media":0,"comment_status":"open","ping_status":"open","sticky":false,"template":"","format":"standard","meta":{"footnotes":""},"categories":[1],"tags":[],"class_list":["post-2029","post","type-post","status-publish","format-standard","hentry","category-non-classe"],"_links":{"self":[{"href":"http:\/\/lalorrainedesecrivains.univ-lorraine.fr\/it\/wp-json\/wp\/v2\/posts\/2029","targetHints":{"allow":["GET"]}}],"collection":[{"href":"http:\/\/lalorrainedesecrivains.univ-lorraine.fr\/it\/wp-json\/wp\/v2\/posts"}],"about":[{"href":"http:\/\/lalorrainedesecrivains.univ-lorraine.fr\/it\/wp-json\/wp\/v2\/types\/post"}],"author":[{"embeddable":true,"href":"http:\/\/lalorrainedesecrivains.univ-lorraine.fr\/it\/wp-json\/wp\/v2\/users\/3"}],"replies":[{"embeddable":true,"href":"http:\/\/lalorrainedesecrivains.univ-lorraine.fr\/it\/wp-json\/wp\/v2\/comments?post=2029"}],"version-history":[{"count":4,"href":"http:\/\/lalorrainedesecrivains.univ-lorraine.fr\/it\/wp-json\/wp\/v2\/posts\/2029\/revisions"}],"predecessor-version":[{"id":3466,"href":"http:\/\/lalorrainedesecrivains.univ-lorraine.fr\/it\/wp-json\/wp\/v2\/posts\/2029\/revisions\/3466"}],"wp:attachment":[{"href":"http:\/\/lalorrainedesecrivains.univ-lorraine.fr\/it\/wp-json\/wp\/v2\/media?parent=2029"}],"wp:term":[{"taxonomy":"category","embeddable":true,"href":"http:\/\/lalorrainedesecrivains.univ-lorraine.fr\/it\/wp-json\/wp\/v2\/categories?post=2029"},{"taxonomy":"post_tag","embeddable":true,"href":"http:\/\/lalorrainedesecrivains.univ-lorraine.fr\/it\/wp-json\/wp\/v2\/tags?post=2029"}],"curies":[{"name":"wp","href":"https:\/\/api.w.org\/{rel}","templated":true}]}}