{"id":2035,"date":"2016-09-20T13:22:51","date_gmt":"2016-09-20T12:22:51","guid":{"rendered":"http:\/\/studioreb.fr\/lde\/?p=2035"},"modified":"2016-10-11T19:38:12","modified_gmt":"2016-10-11T18:38:12","slug":"jean-lurcat","status":"publish","type":"post","link":"http:\/\/lalorrainedesecrivains.univ-lorraine.fr\/it\/jean-lurcat\/","title":{"rendered":"Jean Lur\u00e7at"},"content":{"rendered":"<p>N\u00e9 le 1<sup>er<\/sup>\u00a0juillet 1892 \u00e0 Bruy\u00e8res, mort le 6 janvier 1966 \u00e0 Saint-Paul-de-Vance.<\/p>\n<p>Apr\u00e8s avoir d\u00e9but\u00e9 des \u00e9tudes de m\u00e9decine sous l\u2019influence de ses parents, Jean Lur\u00e7at d\u00e9cide d\u2019int\u00e9grer l\u2019\u00e9cole des beaux-arts de Nancy puis l\u2019acad\u00e9mie Colarossi \u00e0 Paris en tant qu\u2019\u00e9l\u00e8ve du graveur Bernard Naudin. Il collabore \u00e0 la revue\u00a0<em>Les feuilles de mai<\/em>, et y rencontre de nombreux artistes tels qu\u2019Elie Faure ou Rainer-Maria Rilke.<\/p>\n<p>Alors qu\u2019il est bless\u00e9 lors de la premi\u00e8re guerre mondiale, il profite d\u2019une permission pour r\u00e9aliser sa premi\u00e8re tapisserie. Au terme de la guerre, il r\u00e9alise essentiellement des peintures et r\u00e9alise de nombreux voyages. Il visite l\u2019Espace, le Sahara, l\u2019Asie, l\u2019Afrique du Nord et l\u2019Italie desquels il tire son inspiration.<\/p>\n<p>Surtout connu pour sa peinture et ses tapisseries, il s\u2019est \u00e9galement essay\u00e9 \u00e0 l\u2019\u00e9criture. En 1947, il publie deux ouvrages sur les techniques de travail de la tapisserie. L\u2019ann\u00e9e suivante, il publie\u00a0<em>G\u00e9ographie Animale<\/em>, un recueil qui rassemble dix-huit po\u00e8mes illustr\u00e9s par dix-huit littographies. Il est \u00e9galement l\u2019auteur du roman \u00e9rotique\u00a0<em>Roger ou les \u00e0-c\u00f4t\u00e9s de l\u2019ombrelle<\/em>\u00a0qu\u2019il fait \u00e9diter sous le pseudonyme de Jean Bruy\u00e8re.<\/p>\n<p>A sa disparition, il laisse une immense collection d\u2019\u0153uvres en tous genres\u00a0: costumes de th\u00e9\u00e2tre, illustrations d\u2019ouvrages, c\u00e9ramiques, gouaches et peintures ainsi qu\u2019un nombre impressionnant de tapisseries.<\/p>\n<h2><strong>Bibliographie<\/strong><\/h2>\n<h3>Roman<\/h3>\n<p><em>Roger ou les \u00e0-c\u00f4t\u00e9s de l\u2019ombrelle<\/em> (1926)<\/p>\n<h3>Essais<\/h3>\n<p><em>Le Travail de la tapisserie du Moyen-\u00c2ge<\/em> (1947)<\/p>\n<p><em>Le Bestiaire de la tapisserie au Moyen-\u00c2ge<\/em> (1947)<\/p>\n<h3>Po\u00e9sie<\/h3>\n<p><em>G\u00e9ographie animale<\/em> (1948)<\/p>\n","protected":false},"excerpt":{"rendered":"<p>N\u00e9 le 1er\u00a0juillet 1892 \u00e0 Bruy\u00e8res, mort le 6 janvier 1966 \u00e0 Saint-Paul-de-Vance. Apr\u00e8s avoir d\u00e9but\u00e9 des \u00e9tudes de m\u00e9decine sous l\u2019influence de ses parents, Jean Lur\u00e7at<\/p>\n<p> <a class=\"more-link\" href=\"http:\/\/lalorrainedesecrivains.univ-lorraine.fr\/it\/jean-lurcat\/\">Lire la suite<\/a><\/p>\n","protected":false},"author":3,"featured_media":0,"comment_status":"open","ping_status":"open","sticky":false,"template":"","format":"standard","meta":{"footnotes":""},"categories":[1],"tags":[],"class_list":["post-2035","post","type-post","status-publish","format-standard","hentry","category-non-classe"],"_links":{"self":[{"href":"http:\/\/lalorrainedesecrivains.univ-lorraine.fr\/it\/wp-json\/wp\/v2\/posts\/2035","targetHints":{"allow":["GET"]}}],"collection":[{"href":"http:\/\/lalorrainedesecrivains.univ-lorraine.fr\/it\/wp-json\/wp\/v2\/posts"}],"about":[{"href":"http:\/\/lalorrainedesecrivains.univ-lorraine.fr\/it\/wp-json\/wp\/v2\/types\/post"}],"author":[{"embeddable":true,"href":"http:\/\/lalorrainedesecrivains.univ-lorraine.fr\/it\/wp-json\/wp\/v2\/users\/3"}],"replies":[{"embeddable":true,"href":"http:\/\/lalorrainedesecrivains.univ-lorraine.fr\/it\/wp-json\/wp\/v2\/comments?post=2035"}],"version-history":[{"count":3,"href":"http:\/\/lalorrainedesecrivains.univ-lorraine.fr\/it\/wp-json\/wp\/v2\/posts\/2035\/revisions"}],"predecessor-version":[{"id":3464,"href":"http:\/\/lalorrainedesecrivains.univ-lorraine.fr\/it\/wp-json\/wp\/v2\/posts\/2035\/revisions\/3464"}],"wp:attachment":[{"href":"http:\/\/lalorrainedesecrivains.univ-lorraine.fr\/it\/wp-json\/wp\/v2\/media?parent=2035"}],"wp:term":[{"taxonomy":"category","embeddable":true,"href":"http:\/\/lalorrainedesecrivains.univ-lorraine.fr\/it\/wp-json\/wp\/v2\/categories?post=2035"},{"taxonomy":"post_tag","embeddable":true,"href":"http:\/\/lalorrainedesecrivains.univ-lorraine.fr\/it\/wp-json\/wp\/v2\/tags?post=2035"}],"curies":[{"name":"wp","href":"https:\/\/api.w.org\/{rel}","templated":true}]}}