{"id":2039,"date":"2016-09-20T13:23:28","date_gmt":"2016-09-20T12:23:28","guid":{"rendered":"http:\/\/studioreb.fr\/lde\/?p=2039"},"modified":"2016-10-11T19:37:41","modified_gmt":"2016-10-11T18:37:41","slug":"francois-martaine","status":"publish","type":"post","link":"http:\/\/lalorrainedesecrivains.univ-lorraine.fr\/it\/francois-martaine\/","title":{"rendered":"Fran\u00e7ois Martaine"},"content":{"rendered":"<p>N\u00e9 le 3 mars 1944 \u00e0 Paris.<\/p>\n<p>Fran\u00e7ois Martaine est issu d\u2019une vieille famille Lorraine d\u2019origine g\u00e9r\u00f4moise. Excellent \u00e9l\u00e8ve, il int\u00e8gre HEC et Sciences Po avant d\u2019occuper un poste de directeur dans un grand groupe industriel fran\u00e7ais.<\/p>\n<p>Fran\u00e7ois Martaine se fait connaitre du grand public lorsqu\u2019il publie son premier roman,\u00a0<em>Les Pommes noires<\/em>, en 1987 pour lequel il obtient le prix Erckmann-Chatrian.<\/p>\n<p>Il est suivi d\u2019un second roman,\u00a0<em>La Dame de Nancy<\/em>, publi\u00e9 en 1992.<\/p>\n<p>&nbsp;<\/p>\n<h2><strong>Bibliographie<\/strong><\/h2>\n<p><em>Les Pommes noires<\/em> (1987)<\/p>\n<p><em>La Dame de Nancy<\/em> (1992)<\/p>\n<p>&nbsp;<\/p>\n<h2>Citation<\/h2>\n<p><em>\u00ab\u00a0\u00ab\u00a0Ho\u00a0\u00bb, aspiraient les rameurs \u00e0 qui \u00e9tait promise forte prime s\u2019ils r\u00e9duisaient d\u2019un tiers le temps du trajet de Metz jusqu\u2019\u00e0 Nancy. Les rames ruisselaient en l\u2019air un court instant et \u00ab\u00a0hisse\u00a0!\u00a0\u00bb, elles retombaient dans l\u2019eau en un fouettement d\u2019\u00e9cume, tirant \u00e0 la Moselle un sifflement mordant. Les hommes avaient tomb\u00e9 leur chemise et soutenaient depuis le matin cette cadence entrecoup\u00e9e de br\u00e8ves pauses. Pendant le paiement du p\u00e9age au passage \u00e0 Pont-\u00e0-Mousson, on leur avait tout juste laiss\u00e9 le temps de se restaurer\u00a0; certains commen\u00e7aient \u00e0 accuser la fatigue. La vieille carcasse de chaland \u00e0 fond plat grin\u00e7ait contre ce rythme inhabituel en produisant sous son \u00e9tambot des reous qui aga\u00e7aient la rivi\u00e8re.<\/em><\/p>\n<ul>\n<li><em>Quand arriverons-nous \u00e0 Nancy, se demandait Sarah pour qui les saules d\u00e9filaient moins vite qu\u2019aux fen\u00eatres de la voiture la plus indolente.<\/em><\/li>\n<\/ul>\n<p><em>L\u2019ahan des rameurs n\u2019\u00e9tait plus qu\u2019un bruit de fond pour les passagers qui s\u2019absorbaient \u00e0 l\u2019arri\u00e8re dans une partie de d\u00e9s, et parmi eux, le Moscovite et \u00ab\u00a0la Voisi\u00e8re\u00a0\u00bb, un autre garde d\u00e9tach\u00e9 par Henri II \u00e0 la protection de Sarah depuis que se pr\u00e9cisait la menace de la guerre. La vitesse forc\u00e9e mettait un soup\u00e7on d\u2019excitation dans ce parcours fluvial normalement plus nonchalant. On pouvait au moins de moquer des bateliers qu\u2019ils d\u00e9passaient d\u00e8s que la largeur du fleuve et le trafic le permettaient.\u00a0\u00bb<\/em><\/p>\n<p>Source : La Dame de Nancy, Paris, 1992.<\/p>\n","protected":false},"excerpt":{"rendered":"<p>N\u00e9 le 3 mars 1944 \u00e0 Paris. Fran\u00e7ois Martaine est issu d\u2019une vieille famille Lorraine d\u2019origine g\u00e9r\u00f4moise. Excellent \u00e9l\u00e8ve, il int\u00e8gre HEC et Sciences Po avant d\u2019occuper<\/p>\n<p> <a class=\"more-link\" href=\"http:\/\/lalorrainedesecrivains.univ-lorraine.fr\/it\/francois-martaine\/\">Lire la suite<\/a><\/p>\n","protected":false},"author":3,"featured_media":0,"comment_status":"open","ping_status":"open","sticky":false,"template":"","format":"standard","meta":{"footnotes":""},"categories":[1],"tags":[],"class_list":["post-2039","post","type-post","status-publish","format-standard","hentry","category-non-classe"],"_links":{"self":[{"href":"http:\/\/lalorrainedesecrivains.univ-lorraine.fr\/it\/wp-json\/wp\/v2\/posts\/2039","targetHints":{"allow":["GET"]}}],"collection":[{"href":"http:\/\/lalorrainedesecrivains.univ-lorraine.fr\/it\/wp-json\/wp\/v2\/posts"}],"about":[{"href":"http:\/\/lalorrainedesecrivains.univ-lorraine.fr\/it\/wp-json\/wp\/v2\/types\/post"}],"author":[{"embeddable":true,"href":"http:\/\/lalorrainedesecrivains.univ-lorraine.fr\/it\/wp-json\/wp\/v2\/users\/3"}],"replies":[{"embeddable":true,"href":"http:\/\/lalorrainedesecrivains.univ-lorraine.fr\/it\/wp-json\/wp\/v2\/comments?post=2039"}],"version-history":[{"count":4,"href":"http:\/\/lalorrainedesecrivains.univ-lorraine.fr\/it\/wp-json\/wp\/v2\/posts\/2039\/revisions"}],"predecessor-version":[{"id":3463,"href":"http:\/\/lalorrainedesecrivains.univ-lorraine.fr\/it\/wp-json\/wp\/v2\/posts\/2039\/revisions\/3463"}],"wp:attachment":[{"href":"http:\/\/lalorrainedesecrivains.univ-lorraine.fr\/it\/wp-json\/wp\/v2\/media?parent=2039"}],"wp:term":[{"taxonomy":"category","embeddable":true,"href":"http:\/\/lalorrainedesecrivains.univ-lorraine.fr\/it\/wp-json\/wp\/v2\/categories?post=2039"},{"taxonomy":"post_tag","embeddable":true,"href":"http:\/\/lalorrainedesecrivains.univ-lorraine.fr\/it\/wp-json\/wp\/v2\/tags?post=2039"}],"curies":[{"name":"wp","href":"https:\/\/api.w.org\/{rel}","templated":true}]}}